{"id":1977,"date":"2025-11-11T10:12:28","date_gmt":"2025-11-11T16:12:28","guid":{"rendered":"https:\/\/girasolmultimedios.com\/portal\/?p=1977"},"modified":"2025-11-11T10:12:29","modified_gmt":"2025-11-11T16:12:29","slug":"suspenden-clases-en-atlantida-debido-a-las-fuertes-lluvias-informan-autoridades-educativas","status":"publish","type":"post","link":"https:\/\/girasolmultimedios.com\/portal\/suspenden-clases-en-atlantida-debido-a-las-fuertes-lluvias-informan-autoridades-educativas\/","title":{"rendered":"Suspenden clases en Atl\u00e1ntida debido a las fuertes lluvias, informan autoridades educativas"},"content":{"rendered":"\n<p>La <strong>Direcci\u00f3n Departamental de Educaci\u00f3n de Atl\u00e1ntida<\/strong> inform\u00f3 la <strong>suspensi\u00f3n de las clases presenciales<\/strong> para este <strong>martes 11 de noviembre de 2025<\/strong>, ante las <strong>intensas lluvias y condiciones clim\u00e1ticas adversas<\/strong> que afectan la regi\u00f3n.<\/p>\n\n\n\n<p>La medida fue oficializada mediante un comunicado firmado por el <strong>director departamental, MSc. Oswal Manuel Zavala Cruz<\/strong>, quien explic\u00f3 que la decisi\u00f3n se tom\u00f3 con el objetivo de <strong>proteger la seguridad de la comunidad educativa<\/strong> y garantizar la <strong>continuidad del proceso de ense\u00f1anza<\/strong> a trav\u00e9s de la modalidad virtual.<\/p>\n\n\n\n<p>En el documento, las autoridades recomendaron a los directores de centros educativos <strong>implementar clases en l\u00ednea<\/strong>, en la medida de lo posible, para <strong>resguardar la integridad de estudiantes, docentes y personal administrativo<\/strong>.<\/p>\n\n\n\n<h3 class=\"wp-block-heading\">Educaci\u00f3n prioriza la seguridad y la continuidad acad\u00e9mica<\/h3>\n\n\n\n<p>La Direcci\u00f3n Departamental expres\u00f3 su <strong>agradecimiento a los docentes y autoridades locales<\/strong> por su colaboraci\u00f3n y compromiso ante la emergencia, reiterando que la <strong>prioridad es el bienestar de los alumnos<\/strong> y el <strong>desarrollo seguro de las actividades escolares<\/strong>.<\/p>\n\n\n\n<p>\u201cReiteramos nuestro compromiso con la seguridad de la comunidad educativa y agradecemos la comprensi\u00f3n ante las medidas adoptadas por la situaci\u00f3n clim\u00e1tica que afecta al litoral atl\u00e1ntico\u201d, se\u00f1ala el comunicado.<\/p>\n\n\n\n<h3 class=\"wp-block-heading\">Contexto clim\u00e1tico<\/h3>\n\n\n\n<p>La suspensi\u00f3n se produce en el marco de una <strong>emergencia nacional<\/strong> generada por una <strong>masa de aire fr\u00edo<\/strong>, que ha provocado <strong>fuertes lluvias en el norte y occidente del pa\u00eds<\/strong>.<\/p>\n\n\n\n<p>En el caso de <strong>Atl\u00e1ntida<\/strong>, las precipitaciones han ocasionado <strong>inundaciones y cortes de energ\u00eda el\u00e9ctrica<\/strong> en diversos sectores de <strong>La Ceiba y municipios aleda\u00f1os<\/strong>, lo que llev\u00f3 a las autoridades a aplicar <strong>acciones preventivas<\/strong> para evitar incidentes en los centros educativos.<\/p>\n","protected":false},"excerpt":{"rendered":"<p>La Direcci\u00f3n Departamental de Educaci\u00f3n de Atl\u00e1ntida inform\u00f3 la suspensi\u00f3n de las clases presenciales para este martes 11 de noviembre de 2025, ante las intensas lluvias y condiciones clim\u00e1ticas adversas que afectan la regi\u00f3n. La medida fue oficializada mediante un comunicado firmado por el director departamental, MSc. Oswal Manuel Zavala Cruz, quien explic\u00f3 que la [&hellip;]<\/p>\n","protected":false},"author":2,"featured_media":1978,"comment_status":"closed","ping_status":"open","sticky":false,"template":"","format":"standard","meta":{"_seopress_robots_primary_cat":"","_seopress_titles_title":"","_seopress_titles_desc":"","_seopress_robots_index":"","footnotes":""},"categories":[1],"tags":[],"class_list":["post-1977","post","type-post","status-publish","format-standard","has-post-thumbnail","hentry","category-sin-categoria"],"_links":{"self":[{"href":"https:\/\/girasolmultimedios.com\/portal\/wp-json\/wp\/v2\/posts\/1977","targetHints":{"allow":["GET"]}}],"collection":[{"href":"https:\/\/girasolmultimedios.com\/portal\/wp-json\/wp\/v2\/posts"}],"about":[{"href":"https:\/\/girasolmultimedios.com\/portal\/wp-json\/wp\/v2\/types\/post"}],"author":[{"embeddable":true,"href":"https:\/\/girasolmultimedios.com\/portal\/wp-json\/wp\/v2\/users\/2"}],"replies":[{"embeddable":true,"href":"https:\/\/girasolmultimedios.com\/portal\/wp-json\/wp\/v2\/comments?post=1977"}],"version-history":[{"count":1,"href":"https:\/\/girasolmultimedios.com\/portal\/wp-json\/wp\/v2\/posts\/1977\/revisions"}],"predecessor-version":[{"id":1979,"href":"https:\/\/girasolmultimedios.com\/portal\/wp-json\/wp\/v2\/posts\/1977\/revisions\/1979"}],"wp:featuredmedia":[{"embeddable":true,"href":"https:\/\/girasolmultimedios.com\/portal\/wp-json\/wp\/v2\/media\/1978"}],"wp:attachment":[{"href":"https:\/\/girasolmultimedios.com\/portal\/wp-json\/wp\/v2\/media?parent=1977"}],"wp:term":[{"taxonomy":"category","embeddable":true,"href":"https:\/\/girasolmultimedios.com\/portal\/wp-json\/wp\/v2\/categories?post=1977"},{"taxonomy":"post_tag","embeddable":true,"href":"https:\/\/girasolmultimedios.com\/portal\/wp-json\/wp\/v2\/tags?post=1977"}],"curies":[{"name":"wp","href":"https:\/\/api.w.org\/{rel}","templated":true}]}}