{"id":1983,"date":"2025-11-11T10:22:38","date_gmt":"2025-11-11T16:22:38","guid":{"rendered":"https:\/\/girasolmultimedios.com\/portal\/?p=1983"},"modified":"2025-11-11T10:22:39","modified_gmt":"2025-11-11T16:22:39","slug":"nuevos-detalles-salen-a-la-luz-sobre-la-masacre-en-un-gimnasio-de-morazan-yoro","status":"publish","type":"post","link":"https:\/\/girasolmultimedios.com\/portal\/nuevos-detalles-salen-a-la-luz-sobre-la-masacre-en-un-gimnasio-de-morazan-yoro\/","title":{"rendered":"Nuevos detalles salen a la luz sobre la masacre en un gimnasio de Moraz\u00e1n, Yoro"},"content":{"rendered":"\n<p>La Polic\u00eda Nacional confirm\u00f3 que \u00d3scar Roberto Melara, conocido como \u201cEl Pollo\u201d, era el objetivo principal de la masacre ocurrido la ma\u00f1ana de este lunes dentro de un gimnasio localizado en la colonia El Porvenir, en el municipio de Moraz\u00e1n,&nbsp;<a href=\"https:\/\/es.wikipedia.org\/wiki\/Departamento_de_Yoro\">Yoro<\/a>, al norte de Honduras.<\/p>\n\n\n\n<p>El hecho dej\u00f3 cuatro personas muertas, identificadas como \u00d3scar Roberto Melara (29 a\u00f1os), N\u00e9stor Lenin Lara Claros (26), Carlos No\u00e9 Lezama Gim\u00e9nez (43) y Jos\u00e9 Antonio P\u00e9rez Quijada (20).<\/p>\n\n\n\n<p>Seg\u00fan el reporte preliminar, solo uno de los fallecidos era guardaespaldas de \u201cEl Pollo\u201d, mientras que los otros dos ser\u00edan empleados de su finca, quienes habr\u00edan llegado al gimnasio a dejarle agua mientras \u00e9l realizaba ejercicios.<\/p>\n\n\n\n<h4 class=\"wp-block-heading\"><strong>Antecedentes del principal objetivo<\/strong><\/h4>\n\n\n\n<p>Autoridades policiales informaron que Melara contaba con antecedentes criminales.<br>El subcomisionado Eduardo Rivera detall\u00f3 que el ahora occiso hab\u00eda sido se\u00f1alado por delitos de asesinato, microtr\u00e1fico y portaci\u00f3n ilegal de armas.<\/p>\n\n\n\n<p>\u201cYo lo desarm\u00e9 en varias ocasiones porque portaba el arma de manera visible e intimidaba a la poblaci\u00f3n; se le decomisaron m\u00e1s de tres armas\u201d, dijo Rivera.<\/p>\n\n\n\n<p>Asimismo, precis\u00f3 que \u2018El Pollo\u2019 estuvo detenido por asesinato, aunque posteriormente obtuvo carta de libertad, y tambi\u00e9n era investigado por actividades relacionadas con el tr\u00e1fico de drogas en la zona.<\/p>\n\n\n\n<h4 class=\"wp-block-heading\"><strong>As\u00ed ocurri\u00f3 la masacre<\/strong><\/h4>\n\n\n\n<p>La masacre fue perpetrado alrededor de las 7:30 de la ma\u00f1ana, cuando seis hombres fuertemente armados llegaron al gimnasio en un veh\u00edculo Mitsubishi color naranja plateado.<\/p>\n\n\n\n<p>De acuerdo con los testigos, dos de los atacantes vest\u00edan ropa similar a la militar, mientras que los otros cuatro portaban pasamonta\u00f1as y chalecos parecidos a los de la ATIC (Agencia T\u00e9cnica de Investigaci\u00f3n Criminal).<\/p>\n\n\n\n<p>Los agresores apartaron a las personas que no ten\u00edan relaci\u00f3n con el objetivo y luego abrieron fuego contra las v\u00edctimas, provoc\u00e1ndoles la muerte en el lugar.<\/p>\n\n\n\n<h4 class=\"wp-block-heading\"><strong>L\u00edneas de investigaci\u00f3n<\/strong><\/h4>\n\n\n\n<p>Aunque el m\u00f3vil a\u00fan no se ha confirmado oficialmente, las autoridades manejan dos hip\u00f3tesis principales:<\/p>\n\n\n\n<p>Ajuste de cuentas por actividades il\u00edcitas, posiblemente vinculadas al microtr\u00e1fico.<\/p>\n\n\n\n<p>Venganza personal, debido a presuntas enemistades previas.<\/p>\n\n\n\n<p>El subcomisionado Rivera indic\u00f3 que incluso existen versiones de que Melara habr\u00eda ordenado la muerte de otra persona en Yoro, lo que podr\u00eda estar relacionado con el ataque.<\/p>\n\n\n\n<p>Equipos de investigaci\u00f3n de la Direcci\u00f3n Policial de Investigaciones (DPI) y unidades especiales realizan levantamiento de indicios, an\u00e1lisis de c\u00e1maras y entrevistas a testigos para identificar a los responsables.<\/p>\n\n\n\n<p>Las autoridades reforzaron la presencia policial en Moraz\u00e1n y municipios aleda\u00f1os, mientras contin\u00faa la b\u00fasqueda de los atacantes que habr\u00edan huido tras ejecutar el crimen.<\/p>\n\n\n\n<p><\/p>\n","protected":false},"excerpt":{"rendered":"<p>La Polic\u00eda Nacional confirm\u00f3 que \u00d3scar Roberto Melara, conocido como \u201cEl Pollo\u201d, era el objetivo principal de la masacre ocurrido la ma\u00f1ana de este lunes dentro de un gimnasio localizado en la colonia El Porvenir, en el municipio de Moraz\u00e1n,&nbsp;Yoro, al norte de Honduras. El hecho dej\u00f3 cuatro personas muertas, identificadas como \u00d3scar Roberto Melara [&hellip;]<\/p>\n","protected":false},"author":2,"featured_media":1984,"comment_status":"closed","ping_status":"open","sticky":false,"template":"","format":"standard","meta":{"_seopress_robots_primary_cat":"","_seopress_titles_title":"","_seopress_titles_desc":"","_seopress_robots_index":"","footnotes":""},"categories":[1],"tags":[],"class_list":["post-1983","post","type-post","status-publish","format-standard","has-post-thumbnail","hentry","category-sin-categoria"],"_links":{"self":[{"href":"https:\/\/girasolmultimedios.com\/portal\/wp-json\/wp\/v2\/posts\/1983","targetHints":{"allow":["GET"]}}],"collection":[{"href":"https:\/\/girasolmultimedios.com\/portal\/wp-json\/wp\/v2\/posts"}],"about":[{"href":"https:\/\/girasolmultimedios.com\/portal\/wp-json\/wp\/v2\/types\/post"}],"author":[{"embeddable":true,"href":"https:\/\/girasolmultimedios.com\/portal\/wp-json\/wp\/v2\/users\/2"}],"replies":[{"embeddable":true,"href":"https:\/\/girasolmultimedios.com\/portal\/wp-json\/wp\/v2\/comments?post=1983"}],"version-history":[{"count":1,"href":"https:\/\/girasolmultimedios.com\/portal\/wp-json\/wp\/v2\/posts\/1983\/revisions"}],"predecessor-version":[{"id":1985,"href":"https:\/\/girasolmultimedios.com\/portal\/wp-json\/wp\/v2\/posts\/1983\/revisions\/1985"}],"wp:featuredmedia":[{"embeddable":true,"href":"https:\/\/girasolmultimedios.com\/portal\/wp-json\/wp\/v2\/media\/1984"}],"wp:attachment":[{"href":"https:\/\/girasolmultimedios.com\/portal\/wp-json\/wp\/v2\/media?parent=1983"}],"wp:term":[{"taxonomy":"category","embeddable":true,"href":"https:\/\/girasolmultimedios.com\/portal\/wp-json\/wp\/v2\/categories?post=1983"},{"taxonomy":"post_tag","embeddable":true,"href":"https:\/\/girasolmultimedios.com\/portal\/wp-json\/wp\/v2\/tags?post=1983"}],"curies":[{"name":"wp","href":"https:\/\/api.w.org\/{rel}","templated":true}]}}