{"id":1998,"date":"2025-11-12T09:38:17","date_gmt":"2025-11-12T15:38:17","guid":{"rendered":"https:\/\/girasolmultimedios.com\/portal\/?p=1998"},"modified":"2025-11-12T09:38:17","modified_gmt":"2025-11-12T15:38:17","slug":"derrumbe-en-la-ca-5-por-intensas-lluvias-complica-el-transito-en-taulabe","status":"publish","type":"post","link":"https:\/\/girasolmultimedios.com\/portal\/derrumbe-en-la-ca-5-por-intensas-lluvias-complica-el-transito-en-taulabe\/","title":{"rendered":"Derrumbe en la CA-5 por intensas lluvias complica el tr\u00e1nsito en Taulab\u00e9"},"content":{"rendered":"\n<p>El temporal lluvioso que afecta gran parte del pa\u00eds contin\u00faa provocando da\u00f1os, y en la zona central un derrumbe registrado en el kil\u00f3metro 135 de la carretera CA-5, cerca del municipio de Taulab\u00e9,\u00a0Comayagua, ha generado obstrucci\u00f3n parcial de la v\u00eda y complicaciones para los conductores.<\/p>\n\n\n\n<p>Seg\u00fan reportes de las autoridades y de personas que transitaban por la carretera, el desprendimiento de rocas y tierra es considerable, lo que ha reducido el paso vehicular a un solo carril y provocado largas filas de autom\u00f3viles.<\/p>\n\n\n\n<p>Adem\u00e1s, en el sector de la aldea El Carrizal se reporta una densa neblina, que disminuye significativamente la visibilidad y aumenta el riesgo de accidentes en esta zona monta\u00f1osa.<\/p>\n\n\n\n<p>Las autoridades de tr\u00e1nsito y gesti\u00f3n de riesgos recomendaron conducir con extrema precauci\u00f3n, mantener una velocidad moderada y evitar desplazamientos innecesarios mientras persistan las lluvias.<\/p>\n\n\n\n<p>El Centro de Estudios Atmosf\u00e9ricos, Oceanogr\u00e1ficos y S\u00edsmicos (Cenaos) advirti\u00f3 que las precipitaciones continuar\u00e1n en las pr\u00f3ximas horas, debido a la masa de aire fr\u00edo que a\u00fan influye sobre el territorio nacional.<\/p>\n\n\n\n<p>Por este motivo, se mantienen alertas preventivas en varios departamentos ante posibles inundaciones y deslizamientos.<\/p>\n","protected":false},"excerpt":{"rendered":"<p>El temporal lluvioso que afecta gran parte del pa\u00eds contin\u00faa provocando da\u00f1os, y en la zona central un derrumbe registrado en el kil\u00f3metro 135 de la carretera CA-5, cerca del municipio de Taulab\u00e9,\u00a0Comayagua, ha generado obstrucci\u00f3n parcial de la v\u00eda y complicaciones para los conductores. Seg\u00fan reportes de las autoridades y de personas que transitaban [&hellip;]<\/p>\n","protected":false},"author":2,"featured_media":1999,"comment_status":"closed","ping_status":"open","sticky":false,"template":"","format":"standard","meta":{"_seopress_robots_primary_cat":"","_seopress_titles_title":"","_seopress_titles_desc":"","_seopress_robots_index":"","footnotes":""},"categories":[1],"tags":[],"class_list":["post-1998","post","type-post","status-publish","format-standard","has-post-thumbnail","hentry","category-sin-categoria"],"_links":{"self":[{"href":"https:\/\/girasolmultimedios.com\/portal\/wp-json\/wp\/v2\/posts\/1998","targetHints":{"allow":["GET"]}}],"collection":[{"href":"https:\/\/girasolmultimedios.com\/portal\/wp-json\/wp\/v2\/posts"}],"about":[{"href":"https:\/\/girasolmultimedios.com\/portal\/wp-json\/wp\/v2\/types\/post"}],"author":[{"embeddable":true,"href":"https:\/\/girasolmultimedios.com\/portal\/wp-json\/wp\/v2\/users\/2"}],"replies":[{"embeddable":true,"href":"https:\/\/girasolmultimedios.com\/portal\/wp-json\/wp\/v2\/comments?post=1998"}],"version-history":[{"count":1,"href":"https:\/\/girasolmultimedios.com\/portal\/wp-json\/wp\/v2\/posts\/1998\/revisions"}],"predecessor-version":[{"id":2000,"href":"https:\/\/girasolmultimedios.com\/portal\/wp-json\/wp\/v2\/posts\/1998\/revisions\/2000"}],"wp:featuredmedia":[{"embeddable":true,"href":"https:\/\/girasolmultimedios.com\/portal\/wp-json\/wp\/v2\/media\/1999"}],"wp:attachment":[{"href":"https:\/\/girasolmultimedios.com\/portal\/wp-json\/wp\/v2\/media?parent=1998"}],"wp:term":[{"taxonomy":"category","embeddable":true,"href":"https:\/\/girasolmultimedios.com\/portal\/wp-json\/wp\/v2\/categories?post=1998"},{"taxonomy":"post_tag","embeddable":true,"href":"https:\/\/girasolmultimedios.com\/portal\/wp-json\/wp\/v2\/tags?post=1998"}],"curies":[{"name":"wp","href":"https:\/\/api.w.org\/{rel}","templated":true}]}}