{"id":2001,"date":"2025-11-12T09:42:01","date_gmt":"2025-11-12T15:42:01","guid":{"rendered":"https:\/\/girasolmultimedios.com\/portal\/?p=2001"},"modified":"2025-11-12T09:42:01","modified_gmt":"2025-11-12T15:42:01","slug":"suspenden-clases-presenciales-en-atlantida-colon-y-parte-de-cortes-por-fuertes-lluvias","status":"publish","type":"post","link":"https:\/\/girasolmultimedios.com\/portal\/suspenden-clases-presenciales-en-atlantida-colon-y-parte-de-cortes-por-fuertes-lluvias\/","title":{"rendered":"Suspenden clases presenciales en Atl\u00e1ntida, Col\u00f3n y parte de Cort\u00e9s por fuertes lluvias"},"content":{"rendered":"\n<p>Las autoridades educativas de la zona norte de Honduras informaron la suspensi\u00f3n de clases presenciales en varios departamentos afectados por el temporal lluvioso que mantiene bajo alerta a gran parte del pa\u00eds.<\/p>\n\n\n\n<p>La Direcci\u00f3n Departamental de Educaci\u00f3n de\u00a0Atl\u00e1ntida\u00a0anunci\u00f3 que este mi\u00e9rcoles 12 de noviembre se suspenden las actividades acad\u00e9micas en todos los centros educativos p\u00fablicos y privados del departamento, debido a las condiciones clim\u00e1ticas provocadas por un frente fr\u00edo.<\/p>\n\n\n\n<p>De igual forma, la Direcci\u00f3n Departamental de Educaci\u00f3n de Cort\u00e9s determin\u00f3 suspender las clases presenciales durante 24 horas en los municipios de Omoa, Puerto Cort\u00e9s y Choloma, a partir de las 6:00 de la tarde del martes 11 de noviembre.<\/p>\n\n\n\n<p>Mientras tanto, en el resto del departamento, que se encuentra bajo alerta amarilla, se recomend\u00f3 a los padres de familia y autoridades escolares valorar si es conveniente mantener clases presenciales, seg\u00fan las condiciones locales.<\/p>\n\n\n\n<p>En el departamento de Col\u00f3n, la Direcci\u00f3n Departamental tambi\u00e9n orden\u00f3 la suspensi\u00f3n total de las actividades acad\u00e9micas y administrativas presenciales para este mi\u00e9rcoles.<\/p>\n\n\n\n<h4 class=\"wp-block-heading\"><strong>Educaci\u00f3n virtual para garantizar continuidad<\/strong><\/h4>\n\n\n\n<p>Las direcciones departamentales instruyeron a los centros educativos a optar por la modalidad virtual, con el fin de garantizar la continuidad del proceso educativo durante la emergencia clim\u00e1tica.<\/p>\n\n\n\n<p>Asimismo, la Universidad Nacional Aut\u00f3noma de Honduras (UNAH) en Atl\u00e1ntida confirm\u00f3 la suspensi\u00f3n de clases presenciales para este mi\u00e9rcoles, mientras que el campus de Cort\u00e9s a\u00fan no ha emitido una resoluci\u00f3n oficial.<\/p>\n\n\n\n<h4 class=\"wp-block-heading\"><strong>Zonas bajo alerta por lluvias<\/strong><\/h4>\n\n\n\n<p>La Secretar\u00eda de Gesti\u00f3n de Riesgos y Contingencias Nacionales (Copeco) mantiene en alerta roja a Atl\u00e1ntida, Col\u00f3n, Omoa, Puerto Cort\u00e9s y Choloma por el riesgo de inundaciones y deslizamientos.<\/p>\n","protected":false},"excerpt":{"rendered":"<p>Las autoridades educativas de la zona norte de Honduras informaron la suspensi\u00f3n de clases presenciales en varios departamentos afectados por el temporal lluvioso que mantiene bajo alerta a gran parte del pa\u00eds. La Direcci\u00f3n Departamental de Educaci\u00f3n de\u00a0Atl\u00e1ntida\u00a0anunci\u00f3 que este mi\u00e9rcoles 12 de noviembre se suspenden las actividades acad\u00e9micas en todos los centros educativos p\u00fablicos [&hellip;]<\/p>\n","protected":false},"author":2,"featured_media":2002,"comment_status":"closed","ping_status":"open","sticky":false,"template":"","format":"standard","meta":{"_seopress_robots_primary_cat":"","_seopress_titles_title":"","_seopress_titles_desc":"","_seopress_robots_index":"","footnotes":""},"categories":[1],"tags":[],"class_list":["post-2001","post","type-post","status-publish","format-standard","has-post-thumbnail","hentry","category-sin-categoria"],"_links":{"self":[{"href":"https:\/\/girasolmultimedios.com\/portal\/wp-json\/wp\/v2\/posts\/2001","targetHints":{"allow":["GET"]}}],"collection":[{"href":"https:\/\/girasolmultimedios.com\/portal\/wp-json\/wp\/v2\/posts"}],"about":[{"href":"https:\/\/girasolmultimedios.com\/portal\/wp-json\/wp\/v2\/types\/post"}],"author":[{"embeddable":true,"href":"https:\/\/girasolmultimedios.com\/portal\/wp-json\/wp\/v2\/users\/2"}],"replies":[{"embeddable":true,"href":"https:\/\/girasolmultimedios.com\/portal\/wp-json\/wp\/v2\/comments?post=2001"}],"version-history":[{"count":1,"href":"https:\/\/girasolmultimedios.com\/portal\/wp-json\/wp\/v2\/posts\/2001\/revisions"}],"predecessor-version":[{"id":2003,"href":"https:\/\/girasolmultimedios.com\/portal\/wp-json\/wp\/v2\/posts\/2001\/revisions\/2003"}],"wp:featuredmedia":[{"embeddable":true,"href":"https:\/\/girasolmultimedios.com\/portal\/wp-json\/wp\/v2\/media\/2002"}],"wp:attachment":[{"href":"https:\/\/girasolmultimedios.com\/portal\/wp-json\/wp\/v2\/media?parent=2001"}],"wp:term":[{"taxonomy":"category","embeddable":true,"href":"https:\/\/girasolmultimedios.com\/portal\/wp-json\/wp\/v2\/categories?post=2001"},{"taxonomy":"post_tag","embeddable":true,"href":"https:\/\/girasolmultimedios.com\/portal\/wp-json\/wp\/v2\/tags?post=2001"}],"curies":[{"name":"wp","href":"https:\/\/api.w.org\/{rel}","templated":true}]}}