{"id":2013,"date":"2025-11-12T09:55:47","date_gmt":"2025-11-12T15:55:47","guid":{"rendered":"https:\/\/girasolmultimedios.com\/portal\/?p=2013"},"modified":"2025-11-12T09:55:48","modified_gmt":"2025-11-12T15:55:48","slug":"masivas-importaciones-sin-regulacion-tienen-quebrados-a-pequenos-productores","status":"publish","type":"post","link":"https:\/\/girasolmultimedios.com\/portal\/masivas-importaciones-sin-regulacion-tienen-quebrados-a-pequenos-productores\/","title":{"rendered":"Masivas importaciones sin regulaci\u00f3n tienen quebrados a peque\u00f1os productores"},"content":{"rendered":"\n<p>La masiva importaci\u00f3n de alimentos sin regulaci\u00f3n tiene quebrados a peque\u00f1os productores alertaron directivos de la Feria del Agricultor y del Artesano en Tegucigalpa.<\/p>\n\n\n\n<p>\u201cHasta r\u00e1banos se importan de Guatemala que solo requiere de 22 a 30 d\u00edas poder cosecharlo\u201d exclam\u00f3 Jimmy Ponce, coordinador de esa feria capitalina.<\/p>\n\n\n\n<p>La fuente reconoci\u00f3 que \u201caqu\u00ed no es problema de un gobierno determinado, sino que pr\u00e1cticamente en el sistema en que vivimos en t\u00e9rminos pol\u00edticos nadie le pone atenci\u00f3n al campo por lo menos a nivel de subsistencia que somos nosotros los productores que traemos lo que producimos hasta los mercados\u201d.<\/p>\n\n\n\n<p>\u201cPuede haber buenos productores en el pa\u00eds y buena producci\u00f3n, pero no hacemos nada si no hay un control en las importaciones y en este tema quien trae el producto los vende a como \u00e9l dice y le sube cuando \u00e9l dice\u201d insisti\u00f3.<\/p>\n\n\n\n<p>\u201cEl d\u00eda que un gobierno sea ejecutivo o legislativo dise\u00f1e un plan real que llegue al peque\u00f1o productor definitivamente vamos a tener producto en las plazas y vamos a dinamizar mucho la econom\u00eda\u201d expuso.<\/p>\n\n\n\n<p>Otra adversidad que enfrentan los agricultores es que no cuentan con v\u00edas de acceso en buenas condiciones. \u201cCon una peque\u00f1a llovizna que caiga ya no se puede sacar el producto desde los lugares de cosecha\u201d.<\/p>\n\n\n\n<p>\u201cEstamos importando hasta un 75 por ciento de lo que consumimos, en cinco o diez a\u00f1os m\u00e1s, y se duplica tambi\u00e9n la poblaci\u00f3n, entonces vamos a quedar en casi un 100 por ciento en manos de los importadores\u201d alert\u00f3 Jimmy Ponce.<\/p>\n\n\n\n<p>Una consecuencia directa de la dependencia a las importaciones se traduce en la p\u00e9rdida de la mano de obra. \u201cSi yo miro que mi abuelo y mi pap\u00e1 han trabajado por 30 y 40 a\u00f1os produciendo y no han pasado de lo mismo, entonces yo digo, me voy a la ciudad a buscar qu\u00e9 hacer o migro a otro pa\u00eds\u201d ampli\u00f3.<\/p>\n","protected":false},"excerpt":{"rendered":"<p>La masiva importaci\u00f3n de alimentos sin regulaci\u00f3n tiene quebrados a peque\u00f1os productores alertaron directivos de la Feria del Agricultor y del Artesano en Tegucigalpa. \u201cHasta r\u00e1banos se importan de Guatemala que solo requiere de 22 a 30 d\u00edas poder cosecharlo\u201d exclam\u00f3 Jimmy Ponce, coordinador de esa feria capitalina. La fuente reconoci\u00f3 que \u201caqu\u00ed no es [&hellip;]<\/p>\n","protected":false},"author":2,"featured_media":2014,"comment_status":"closed","ping_status":"open","sticky":false,"template":"","format":"standard","meta":{"_seopress_robots_primary_cat":"","_seopress_titles_title":"","_seopress_titles_desc":"","_seopress_robots_index":"","footnotes":""},"categories":[1],"tags":[],"class_list":["post-2013","post","type-post","status-publish","format-standard","has-post-thumbnail","hentry","category-sin-categoria"],"_links":{"self":[{"href":"https:\/\/girasolmultimedios.com\/portal\/wp-json\/wp\/v2\/posts\/2013","targetHints":{"allow":["GET"]}}],"collection":[{"href":"https:\/\/girasolmultimedios.com\/portal\/wp-json\/wp\/v2\/posts"}],"about":[{"href":"https:\/\/girasolmultimedios.com\/portal\/wp-json\/wp\/v2\/types\/post"}],"author":[{"embeddable":true,"href":"https:\/\/girasolmultimedios.com\/portal\/wp-json\/wp\/v2\/users\/2"}],"replies":[{"embeddable":true,"href":"https:\/\/girasolmultimedios.com\/portal\/wp-json\/wp\/v2\/comments?post=2013"}],"version-history":[{"count":1,"href":"https:\/\/girasolmultimedios.com\/portal\/wp-json\/wp\/v2\/posts\/2013\/revisions"}],"predecessor-version":[{"id":2015,"href":"https:\/\/girasolmultimedios.com\/portal\/wp-json\/wp\/v2\/posts\/2013\/revisions\/2015"}],"wp:featuredmedia":[{"embeddable":true,"href":"https:\/\/girasolmultimedios.com\/portal\/wp-json\/wp\/v2\/media\/2014"}],"wp:attachment":[{"href":"https:\/\/girasolmultimedios.com\/portal\/wp-json\/wp\/v2\/media?parent=2013"}],"wp:term":[{"taxonomy":"category","embeddable":true,"href":"https:\/\/girasolmultimedios.com\/portal\/wp-json\/wp\/v2\/categories?post=2013"},{"taxonomy":"post_tag","embeddable":true,"href":"https:\/\/girasolmultimedios.com\/portal\/wp-json\/wp\/v2\/tags?post=2013"}],"curies":[{"name":"wp","href":"https:\/\/api.w.org\/{rel}","templated":true}]}}