{"id":2016,"date":"2025-11-12T10:02:08","date_gmt":"2025-11-12T16:02:08","guid":{"rendered":"https:\/\/girasolmultimedios.com\/portal\/?p=2016"},"modified":"2025-11-12T10:02:09","modified_gmt":"2025-11-12T16:02:09","slug":"el-papa-pide-fraternidad-en-un-mundo-repleto-de-guerras-y-sentimientos-de-odio","status":"publish","type":"post","link":"https:\/\/girasolmultimedios.com\/portal\/el-papa-pide-fraternidad-en-un-mundo-repleto-de-guerras-y-sentimientos-de-odio\/","title":{"rendered":"El papa pide fraternidad en un mundo repleto de guerras y sentimientos de odio"},"content":{"rendered":"\n<p>El papa Le\u00f3n XIV afirm\u00f3 que \u00abla fraternidad no es un sue\u00f1o hermoso e imposible\u00bb a pesar de que \u00abmuchos conflictos, tantas guerras en el mundo, tensiones sociales y sentimientos de odio parecen demostrar lo contrario\u00bb, en su catequesis de la audiencia general de los mi\u00e9rcoles celebrada ante miles de personas en la<strong>\u00a0<\/strong>plaza de San Pedro.<\/p>\n\n\n\n<p>\u00abSin embargo, la fraternidad no es un sue\u00f1o hermoso e imposible, no es el anhelo de unas pocas almas ilusas. Para vencer las sombras que la amenazan, debemos acudir a las fuentes y, sobre todo, obtener luz y fortaleza de Aquel que solo nos libera del veneno de la enemistad\u00bb, indic\u00f3 el pont\u00edfice.<\/p>\n\n\n\n<p>Tambi\u00e9n se\u00f1al\u00f3 que \u00abel desacuerdo, la ruptura y, a veces, el odio pueden devastar las relaciones entre parientes, no solo entre desconocidos\u00bb.<\/p>\n\n\n\n<p>Y subray\u00f3 que \u00abesto demuestra la necesidad, hoy m\u00e1s urgente que nunca, de reconsiderar el saludo con el que san Francisco de As\u00eds se dirig\u00eda a todas y cada una de las personas, sin importar su origen geogr\u00e1fico, cultural, religioso o doctrinal: omnes fratres (hermanos y hermanas todos)\u00bb.<\/p>\n\n\n\n<p>\u00abEra la forma inclusiva en que el santo situaba a todos los seres humanos en el mismo plano, precisamente porque reconoc\u00eda su destino com\u00fan de dignidad, di\u00e1logo, acogida y salvaci\u00f3n\u00bb, a\u00f1adi\u00f3 el pont\u00edfice estadounidense.<\/p>\n\n\n\n<p>Le\u00f3n XIV concluy\u00f3 explicando que \u00abla fraternidad otorgada por Cristo, muerto y resucitado, nos libera de la l\u00f3gica negativa del ego\u00edsmo, la divisi\u00f3n y la arrogancia, y nos restituye a nuestra vocaci\u00f3n original, en nombre de un amor y una esperanza que se renuevan cada d\u00eda\u00bb.<\/p>\n","protected":false},"excerpt":{"rendered":"<p>El papa Le\u00f3n XIV afirm\u00f3 que \u00abla fraternidad no es un sue\u00f1o hermoso e imposible\u00bb a pesar de que \u00abmuchos conflictos, tantas guerras en el mundo, tensiones sociales y sentimientos de odio parecen demostrar lo contrario\u00bb, en su catequesis de la audiencia general de los mi\u00e9rcoles celebrada ante miles de personas en la\u00a0plaza de San [&hellip;]<\/p>\n","protected":false},"author":2,"featured_media":2017,"comment_status":"closed","ping_status":"open","sticky":false,"template":"","format":"standard","meta":{"_seopress_robots_primary_cat":"","_seopress_titles_title":"","_seopress_titles_desc":"","_seopress_robots_index":"","footnotes":""},"categories":[1],"tags":[],"class_list":["post-2016","post","type-post","status-publish","format-standard","has-post-thumbnail","hentry","category-sin-categoria"],"_links":{"self":[{"href":"https:\/\/girasolmultimedios.com\/portal\/wp-json\/wp\/v2\/posts\/2016","targetHints":{"allow":["GET"]}}],"collection":[{"href":"https:\/\/girasolmultimedios.com\/portal\/wp-json\/wp\/v2\/posts"}],"about":[{"href":"https:\/\/girasolmultimedios.com\/portal\/wp-json\/wp\/v2\/types\/post"}],"author":[{"embeddable":true,"href":"https:\/\/girasolmultimedios.com\/portal\/wp-json\/wp\/v2\/users\/2"}],"replies":[{"embeddable":true,"href":"https:\/\/girasolmultimedios.com\/portal\/wp-json\/wp\/v2\/comments?post=2016"}],"version-history":[{"count":1,"href":"https:\/\/girasolmultimedios.com\/portal\/wp-json\/wp\/v2\/posts\/2016\/revisions"}],"predecessor-version":[{"id":2018,"href":"https:\/\/girasolmultimedios.com\/portal\/wp-json\/wp\/v2\/posts\/2016\/revisions\/2018"}],"wp:featuredmedia":[{"embeddable":true,"href":"https:\/\/girasolmultimedios.com\/portal\/wp-json\/wp\/v2\/media\/2017"}],"wp:attachment":[{"href":"https:\/\/girasolmultimedios.com\/portal\/wp-json\/wp\/v2\/media?parent=2016"}],"wp:term":[{"taxonomy":"category","embeddable":true,"href":"https:\/\/girasolmultimedios.com\/portal\/wp-json\/wp\/v2\/categories?post=2016"},{"taxonomy":"post_tag","embeddable":true,"href":"https:\/\/girasolmultimedios.com\/portal\/wp-json\/wp\/v2\/tags?post=2016"}],"curies":[{"name":"wp","href":"https:\/\/api.w.org\/{rel}","templated":true}]}}