{"id":2023,"date":"2025-11-12T10:12:00","date_gmt":"2025-11-12T16:12:00","guid":{"rendered":"https:\/\/girasolmultimedios.com\/portal\/?p=2023"},"modified":"2025-11-12T10:12:01","modified_gmt":"2025-11-12T16:12:01","slug":"mas-de-4400-personas-resultan-afectadas-y-varios-municipios-del-caribe-hondureno-se-encuentran-en-estado-de-emergencia-debido-a-las-intensas-lluvias","status":"publish","type":"post","link":"https:\/\/girasolmultimedios.com\/portal\/mas-de-4400-personas-resultan-afectadas-y-varios-municipios-del-caribe-hondureno-se-encuentran-en-estado-de-emergencia-debido-a-las-intensas-lluvias\/","title":{"rendered":"M\u00e1s de 4,400 personas resultan afectadas y varios municipios del Caribe hondure\u00f1o se encuentran en estado de emergencia debido a las intensas lluvias."},"content":{"rendered":"\n<p>La <strong>Secretar\u00eda de Gesti\u00f3n de Riesgos y Contingencias Nacionales (Copeco)<\/strong> inform\u00f3 este mi\u00e9rcoles que <strong>4,475 personas han resultado afectadas<\/strong> por las lluvias provocadas por la <strong>masa de aire fr\u00edo<\/strong> que contin\u00faa impactando principalmente el <strong>norte y el Caribe de Honduras<\/strong>.<\/p>\n\n\n\n<p>El <strong>portavoz de Copeco, Pedro Barahona<\/strong>, indic\u00f3 que el fen\u00f3meno mantiene <strong>lluvias de moderadas a fuertes<\/strong> en el litoral atl\u00e1ntico y que el <strong>mapa de alertas<\/strong> seguir\u00e1 vigente durante las pr\u00f3ximas 24 horas.<\/p>\n\n\n\n<p>\u201cHasta el momento se registran <strong>4,475 personas afectadas, 1,026 damnificadas, 409 evacuadas y 21 comunidades incomunicadas<\/strong>. Adem\u00e1s, se reportan <strong>70 viviendas da\u00f1adas, una destruida y cuatro personas rescatadas<\/strong> en Tela, tras ser arrastradas por la corriente cuando intentaban cruzar un vado\u201d, detall\u00f3 Barahona.<\/p>\n\n\n\n<p>El funcionario agreg\u00f3 que las precipitaciones <strong>continuar\u00e1n con mayor intensidad en la zona norte<\/strong>, donde podr\u00edan presentarse <strong>acumulaciones significativas<\/strong> de lluvia. Asimismo, record\u00f3 que el sistema de alertas contempla <strong>tres niveles de riesgo<\/strong> y exhort\u00f3 a la poblaci\u00f3n a <strong>mantenerse atenta y tomar precauciones<\/strong> ante posibles <strong>desbordamientos e inundaciones<\/strong> en \u00e1reas vulnerables.<\/p>\n","protected":false},"excerpt":{"rendered":"<p>La Secretar\u00eda de Gesti\u00f3n de Riesgos y Contingencias Nacionales (Copeco) inform\u00f3 este mi\u00e9rcoles que 4,475 personas han resultado afectadas por las lluvias provocadas por la masa de aire fr\u00edo que contin\u00faa impactando principalmente el norte y el Caribe de Honduras. El portavoz de Copeco, Pedro Barahona, indic\u00f3 que el fen\u00f3meno mantiene lluvias de moderadas a [&hellip;]<\/p>\n","protected":false},"author":2,"featured_media":2025,"comment_status":"closed","ping_status":"open","sticky":false,"template":"","format":"standard","meta":{"_seopress_robots_primary_cat":"","_seopress_titles_title":"","_seopress_titles_desc":"","_seopress_robots_index":"","footnotes":""},"categories":[1],"tags":[],"class_list":["post-2023","post","type-post","status-publish","format-standard","has-post-thumbnail","hentry","category-sin-categoria"],"_links":{"self":[{"href":"https:\/\/girasolmultimedios.com\/portal\/wp-json\/wp\/v2\/posts\/2023","targetHints":{"allow":["GET"]}}],"collection":[{"href":"https:\/\/girasolmultimedios.com\/portal\/wp-json\/wp\/v2\/posts"}],"about":[{"href":"https:\/\/girasolmultimedios.com\/portal\/wp-json\/wp\/v2\/types\/post"}],"author":[{"embeddable":true,"href":"https:\/\/girasolmultimedios.com\/portal\/wp-json\/wp\/v2\/users\/2"}],"replies":[{"embeddable":true,"href":"https:\/\/girasolmultimedios.com\/portal\/wp-json\/wp\/v2\/comments?post=2023"}],"version-history":[{"count":1,"href":"https:\/\/girasolmultimedios.com\/portal\/wp-json\/wp\/v2\/posts\/2023\/revisions"}],"predecessor-version":[{"id":2026,"href":"https:\/\/girasolmultimedios.com\/portal\/wp-json\/wp\/v2\/posts\/2023\/revisions\/2026"}],"wp:featuredmedia":[{"embeddable":true,"href":"https:\/\/girasolmultimedios.com\/portal\/wp-json\/wp\/v2\/media\/2025"}],"wp:attachment":[{"href":"https:\/\/girasolmultimedios.com\/portal\/wp-json\/wp\/v2\/media?parent=2023"}],"wp:term":[{"taxonomy":"category","embeddable":true,"href":"https:\/\/girasolmultimedios.com\/portal\/wp-json\/wp\/v2\/categories?post=2023"},{"taxonomy":"post_tag","embeddable":true,"href":"https:\/\/girasolmultimedios.com\/portal\/wp-json\/wp\/v2\/tags?post=2023"}],"curies":[{"name":"wp","href":"https:\/\/api.w.org\/{rel}","templated":true}]}}