{"id":2027,"date":"2025-11-13T02:46:53","date_gmt":"2025-11-13T08:46:53","guid":{"rendered":"https:\/\/girasolmultimedios.com\/portal\/?p=2027"},"modified":"2025-11-13T02:47:52","modified_gmt":"2025-11-13T08:47:52","slug":"los-obispos-catolicos-de-ee-uu-condenan-la-ofensiva-de-trump-contra-los-inmigrantes","status":"publish","type":"post","link":"https:\/\/girasolmultimedios.com\/portal\/los-obispos-catolicos-de-ee-uu-condenan-la-ofensiva-de-trump-contra-los-inmigrantes\/","title":{"rendered":"Los obispos cat\u00f3licos de EE.UU. condenan la ofensiva de Trump contra los inmigrantes"},"content":{"rendered":"\n<p>La Conferencia de Obispos Cat\u00f3licos de los Estados Unidos (USCCB) emiti\u00f3 este mi\u00e9rcoles un \u2018mensaje especial\u2019 sin precedentes en el que conden\u00f3 la pol\u00edtica de deportaciones y la estigmatizaci\u00f3n de los inmigrantes del Gobierno del presidente Donald Trump, aunque sin mencionar su nombre.<\/p>\n\n\n\n<p>\u201cNos preocupa profundamente observar entre nuestro pueblo un clima de temor y ansiedad en torno a la discriminaci\u00f3n racial y la aplicaci\u00f3n de las leyes de inmigraci\u00f3n\u201d, dice la declaraci\u00f3n, aprobada casi por unanimidad en la conferencia anual de obispos realizada esta semana en Baltimore (Maryland).<\/p>\n\n\n\n<p>Aunque el mandatario estadounidense o miembros de su Gabinete no son nombrados por el episcopado estadounidense, el mensaje especial supone una cr\u00edtica a la ret\u00f3rica antiinmigrante de la Casa Blanca, que preocupa al Vaticano.<\/p>\n\n\n\n<p>\u201cNos entristece el estado del debate actual y la estigmatizaci\u00f3n de los inmigrantes. Nos inquietan las condiciones en los centros de detenci\u00f3n y la falta de acceso a la atenci\u00f3n pastoral. Lamentamos que algunos inmigrantes en los Estados Unidos hayan perdido arbitrariamente su estatus legal\u201d, advierten los obispos.<\/p>\n\n\n\n<h2 class=\"wp-block-heading\" id=\"h-primera-declaracion-especial-en-12-anos\">Primera declaraci\u00f3n especial en 12 a\u00f1os<\/h2>\n\n\n\n<p>Esta es la primera vez en doce a\u00f1os que la USCCB recurri\u00f3 a realizar una declaraci\u00f3n especial, que, seg\u00fan el reglamento, solo puede emitirse en asambleas plenarias y debe ser aprobada por dos tercios de sus miembros.<\/p>\n\n\n\n<p>El mensaje fue aprobado por casi todos los asistentes a la conferencia (216 votos a favor). Cinco obispos votaron en contra y tres se abstuvieron.<\/p>\n\n\n\n<p>La \u00faltima vez que el episcopado estadounidense hab\u00eda emitido un mensaje especial fue en 2013, en respuesta al mandato federal sobre anticonceptivos.<\/p>\n\n\n\n<p>Los obispos tambi\u00e9n dijeron sentirse preocupados por \u201clas amenazas\u201d de posibles redadas migratorias en los lugares de culto, los hospitales y las escuelas.<\/p>\n\n\n\n<p>\u201cNos duele ver a padres que temen ser detenidos al llevar a sus hijos a la escuela y consolar a familiares que ya han sido separados de sus seres queridos\u201d, expresaron.<\/p>\n\n\n\n<h2 class=\"wp-block-heading\" id=\"h-aportes-de-los-inmigrantes-al-bienestar-nacional\">Aportes de los inmigrantes al bienestar nacional<\/h2>\n\n\n\n<p>El USCCB tambi\u00e9n recalc\u00f3 \u201cla enorme contribuci\u00f3n\u201d de los inmigrantes al \u201cbienestar\u201d de Estados Unidos y abog\u00f3 por establecer v\u00edas seguras y legales para los extranjeros que buscan una mejor vida.<\/p>\n\n\n\n<p>La declaraci\u00f3n se da una semana despu\u00e9s de que el papa Le\u00f3n XIV criticara a la Administraci\u00f3n Trump por su pol\u00edtica migratoria y advirtiera que hay inmigrantes que han vivido por a\u00f1os en Estados Unidos sin causar problemas, pero ahora \u201cse han visto profundamente afectadas\u00bb por la pol\u00edtica de mano dura de Trump.<\/p>\n\n\n\n<p>Le\u00f3n XIV es el primer estadounidense en llegar a ser el m\u00e1ximo jerarca de la Iglesia cat\u00f3lica.<\/p>\n\n\n\n<p>El mensaje tambi\u00e9n supone un llamado de atenci\u00f3n al vicepresidente de EE.UU., J.D. Vance, convertido a la fe cat\u00f3lica.<\/p>\n\n\n\n<p>\u201cNos oponemos a la deportaci\u00f3n masiva e indiscriminada. Oramos por el fin del discurso deshumanizante y la violencia, ya sea contra los inmigrantes o contra las fuerzas del orden\u201d, puntualiz\u00f3 la conferencia, que abog\u00f3 por establecer un di\u00e1logo y la aprobaci\u00f3n de una reforma migratoria significativa. EFE<\/p>\n\n\n\n<p><\/p>\n","protected":false},"excerpt":{"rendered":"<p>La Conferencia de Obispos Cat\u00f3licos de los Estados Unidos (USCCB) emiti\u00f3 este mi\u00e9rcoles un \u2018mensaje especial\u2019 sin precedentes en el que conden\u00f3 la pol\u00edtica de deportaciones y la estigmatizaci\u00f3n de los inmigrantes del Gobierno del presidente Donald Trump, aunque sin mencionar su nombre. \u201cNos preocupa profundamente observar entre nuestro pueblo un clima de temor y [&hellip;]<\/p>\n","protected":false},"author":2,"featured_media":2028,"comment_status":"closed","ping_status":"open","sticky":false,"template":"","format":"standard","meta":{"_seopress_robots_primary_cat":"","_seopress_titles_title":"","_seopress_titles_desc":"","_seopress_robots_index":"","footnotes":""},"categories":[45],"tags":[102],"class_list":["post-2027","post","type-post","status-publish","format-standard","has-post-thumbnail","hentry","category-internacionales","tag-eeuu"],"_links":{"self":[{"href":"https:\/\/girasolmultimedios.com\/portal\/wp-json\/wp\/v2\/posts\/2027","targetHints":{"allow":["GET"]}}],"collection":[{"href":"https:\/\/girasolmultimedios.com\/portal\/wp-json\/wp\/v2\/posts"}],"about":[{"href":"https:\/\/girasolmultimedios.com\/portal\/wp-json\/wp\/v2\/types\/post"}],"author":[{"embeddable":true,"href":"https:\/\/girasolmultimedios.com\/portal\/wp-json\/wp\/v2\/users\/2"}],"replies":[{"embeddable":true,"href":"https:\/\/girasolmultimedios.com\/portal\/wp-json\/wp\/v2\/comments?post=2027"}],"version-history":[{"count":2,"href":"https:\/\/girasolmultimedios.com\/portal\/wp-json\/wp\/v2\/posts\/2027\/revisions"}],"predecessor-version":[{"id":2030,"href":"https:\/\/girasolmultimedios.com\/portal\/wp-json\/wp\/v2\/posts\/2027\/revisions\/2030"}],"wp:featuredmedia":[{"embeddable":true,"href":"https:\/\/girasolmultimedios.com\/portal\/wp-json\/wp\/v2\/media\/2028"}],"wp:attachment":[{"href":"https:\/\/girasolmultimedios.com\/portal\/wp-json\/wp\/v2\/media?parent=2027"}],"wp:term":[{"taxonomy":"category","embeddable":true,"href":"https:\/\/girasolmultimedios.com\/portal\/wp-json\/wp\/v2\/categories?post=2027"},{"taxonomy":"post_tag","embeddable":true,"href":"https:\/\/girasolmultimedios.com\/portal\/wp-json\/wp\/v2\/tags?post=2027"}],"curies":[{"name":"wp","href":"https:\/\/api.w.org\/{rel}","templated":true}]}}