{"id":2031,"date":"2025-11-13T03:03:14","date_gmt":"2025-11-13T09:03:14","guid":{"rendered":"https:\/\/girasolmultimedios.com\/portal\/?p=2031"},"modified":"2025-11-13T03:03:41","modified_gmt":"2025-11-13T09:03:41","slug":"ecuador-preve-tener-dos-bases-de-ee-uu-en-su-territorio-una-militar-y-otra-de-seguridad","status":"publish","type":"post","link":"https:\/\/girasolmultimedios.com\/portal\/ecuador-preve-tener-dos-bases-de-ee-uu-en-su-territorio-una-militar-y-otra-de-seguridad\/","title":{"rendered":"Ecuador prev\u00e9 tener dos bases de EE.UU. en su territorio: una militar y otra de seguridad"},"content":{"rendered":"\n<p>El Gobierno de Ecuador prev\u00e9 que EE.UU. instale dos bases en su territorio si se aprueba la reforma constitucional para permitir instalaciones militares extranjeras, una de las preguntas que forman parte del refer\u00e9ndum convocado por el presidente Daniel Noboa para este domingo.<\/p>\n\n\n\n<p>As\u00ed lo avanz\u00f3 el ministro del Interior, John Reimberg, al se\u00f1alar en Radio Centro de Guayaquil que una base estar\u00e1 en Manta, la misma en que las fuerzas armadas estadounidenses ya estuvieron entre 1999 y 2009, y otra en Salinas.<\/p>\n\n\n\n<p>Estos dos emplazamientos, ambos ubicados en la costa continental ecuatoriana, fueron visitados la pasada semana por la secretaria de Seguridad Nacional de Estados Unidos, Kristi Noem, en su segunda visita en apenas tres meses a territorio ecuatoriano.<\/p>\n\n\n\n<p>Reimberg detall\u00f3 que una de las dos bases, sin especificar cu\u00e1l, estar\u00eda manejada por el \u2018Homeland Security\u2019 (Seguridad Nacional) de Estados Unidos, el departamento responsable de la seguridad p\u00fablica, que incluye la lucha contra el terrorismo, la gesti\u00f3n de fronteras y la ciberseguridad, entre otros.<\/p>\n\n\n\n<p>\u00abQueremos atacar con todas las fuerzas a los grupos criminales (\u2026) Trabajar en conjunto en dos bases donde nuestro personal pueda intervenir en el manejo de informaci\u00f3n es lo que necesitamos\u00bb, continu\u00f3 el ministro.<\/p>\n\n\n\n<h2 class=\"wp-block-heading\" id=\"h-cuantas-bases-ha-tenido-ee-uu-en-ecuador\">\u00bfCu\u00e1ntas bases ha tenido EE.UU. en Ecuador?<\/h2>\n\n\n\n<p>La intenci\u00f3n del Gobierno solo podr\u00e1 materializarse en caso de que, en el refer\u00e9ndum de este domingo, la mayor\u00eda de ciudadanos vote a favor de eliminar la prohibici\u00f3n de instalar bases extranjeras en el pa\u00eds, una medida impulsada por el expresidente Rafael Correa (2007-2017).<\/p>\n\n\n\n<p>Ecuador ya cont\u00f3 con una base militar estadounidense en las Islas Gal\u00e1pagos durante la II Guerra Mundial, y luego tambi\u00e9n estuvo diez a\u00f1os en la de Manta hasta que los militares se vieron obligados a salir ante la entrada en vigor de la Constituci\u00f3n actual aprobada en 2008, durante el mandato de Correa.<\/p>\n\n\n\n<p>Ahora, Manta cuenta con uno de los puertos m\u00e1s importantes del pa\u00eds y uno de los focos de operaciones de los grupos criminales, que desde la costa ecuatoriana env\u00edan grandes cantidades de coca\u00edna en \u00abnarcolanchas\u00bb que parte hacia Centroam\u00e9rica.<\/p>\n\n\n\n<h2 class=\"wp-block-heading\" id=\"h-el-interes-de-estados-unidos\">El inter\u00e9s de Estados Unidos<\/h2>\n\n\n\n<p>Adem\u00e1s, reiter\u00f3 el inter\u00e9s de EE.UU., principal aliado de Ecuador en la lucha contra el crimen organizado, en instalar ambas bases en territorio ecuatoriano, algo que qued\u00f3 reflejado tras la visita de Noem, la pasada semana, donde recorrieron posibles ubicaciones para estas infraestructuras.<\/p>\n\n\n\n<p>\u00ab\u00bfPor qu\u00e9 si no vendr\u00eda Noem por segunda vez de forma r\u00e1pida?\u00bb, pregunt\u00f3 ir\u00f3nicamente el ministro, haciendo alusi\u00f3n a que la secretaria tambi\u00e9n visit\u00f3 Ecuador en el mes de julio y que, en este segundo viaje, la intenci\u00f3n era conocer las ubicaciones de Manta y Salinas junto al Gobierno y las fuerzas de seguridad ecuatorianas.<\/p>\n\n\n\n<p>De hecho, tras la visita, la propia Noem calific\u00f3 a Ecuador como un socio \u00abexcelente\u00bb en la lucha contra narcotr\u00e1fico, inmigraci\u00f3n ilegal y contrabando en tierra y mar, tras concluir una visita de dos d\u00edas al pa\u00eds andinos, la segunda en apenas tres meses.<\/p>\n\n\n\n<p>Para Reimberg, la ciudad de Salinas, el punto m\u00e1s saliente del Ecuador continental hacia el oc\u00e9ano Pac\u00edfico, tiene un alto valor estrat\u00e9gico para combatir los delitos transnacionales.<\/p>\n\n\n\n<h2 class=\"wp-block-heading\" id=\"h-la-escalada-de-violencia\">La escalada de violencia<\/h2>\n\n\n\n<p>Ecuador atraviesa una escalada de violencia sin precedentes, atribuida al incremento de la actividad de bandas criminales organizadas, vinculadas principalmente al narcotr\u00e1fico, pero que en los \u00faltimos a\u00f1os han incursionado con fuerza en la extorsi\u00f3n, los secuestros y la miner\u00eda ilegal.<\/p>\n\n\n\n<p>Desde inicios de 2024 Noboa declar\u00f3 al pa\u00eds bajo \u00abconflicto armado interno\u00bb y catalog\u00f3 a las bandas criminales como grupos terroristas, pero la violencia se ha agudizado en 2025, ya que en el primer semestre de este a\u00f1o Ecuador registraron 4.619 homicidios, un 47 % m\u00e1s que en el mismo per\u00edodo de 2024. EFE<\/p>\n","protected":false},"excerpt":{"rendered":"<p>El Gobierno de Ecuador prev\u00e9 que EE.UU. instale dos bases en su territorio si se aprueba la reforma constitucional para permitir instalaciones militares extranjeras, una de las preguntas que forman parte del refer\u00e9ndum convocado por el presidente Daniel Noboa para este domingo. As\u00ed lo avanz\u00f3 el ministro del Interior, John Reimberg, al se\u00f1alar en Radio [&hellip;]<\/p>\n","protected":false},"author":2,"featured_media":2032,"comment_status":"closed","ping_status":"open","sticky":false,"template":"","format":"standard","meta":{"_seopress_robots_primary_cat":"","_seopress_titles_title":"","_seopress_titles_desc":"","_seopress_robots_index":"","footnotes":""},"categories":[45],"tags":[285,102],"class_list":["post-2031","post","type-post","status-publish","format-standard","has-post-thumbnail","hentry","category-internacionales","tag-ecuador","tag-eeuu"],"_links":{"self":[{"href":"https:\/\/girasolmultimedios.com\/portal\/wp-json\/wp\/v2\/posts\/2031","targetHints":{"allow":["GET"]}}],"collection":[{"href":"https:\/\/girasolmultimedios.com\/portal\/wp-json\/wp\/v2\/posts"}],"about":[{"href":"https:\/\/girasolmultimedios.com\/portal\/wp-json\/wp\/v2\/types\/post"}],"author":[{"embeddable":true,"href":"https:\/\/girasolmultimedios.com\/portal\/wp-json\/wp\/v2\/users\/2"}],"replies":[{"embeddable":true,"href":"https:\/\/girasolmultimedios.com\/portal\/wp-json\/wp\/v2\/comments?post=2031"}],"version-history":[{"count":2,"href":"https:\/\/girasolmultimedios.com\/portal\/wp-json\/wp\/v2\/posts\/2031\/revisions"}],"predecessor-version":[{"id":2034,"href":"https:\/\/girasolmultimedios.com\/portal\/wp-json\/wp\/v2\/posts\/2031\/revisions\/2034"}],"wp:featuredmedia":[{"embeddable":true,"href":"https:\/\/girasolmultimedios.com\/portal\/wp-json\/wp\/v2\/media\/2032"}],"wp:attachment":[{"href":"https:\/\/girasolmultimedios.com\/portal\/wp-json\/wp\/v2\/media?parent=2031"}],"wp:term":[{"taxonomy":"category","embeddable":true,"href":"https:\/\/girasolmultimedios.com\/portal\/wp-json\/wp\/v2\/categories?post=2031"},{"taxonomy":"post_tag","embeddable":true,"href":"https:\/\/girasolmultimedios.com\/portal\/wp-json\/wp\/v2\/tags?post=2031"}],"curies":[{"name":"wp","href":"https:\/\/api.w.org\/{rel}","templated":true}]}}