{"id":2045,"date":"2025-11-13T09:49:22","date_gmt":"2025-11-13T15:49:22","guid":{"rendered":"https:\/\/girasolmultimedios.com\/portal\/?p=2045"},"modified":"2025-11-13T09:49:23","modified_gmt":"2025-11-13T15:49:23","slug":"estudiantes-se-toman-el-instituto-san-matias-en-danli-exigiendo-examen-de-recuperacion","status":"publish","type":"post","link":"https:\/\/girasolmultimedios.com\/portal\/estudiantes-se-toman-el-instituto-san-matias-en-danli-exigiendo-examen-de-recuperacion\/","title":{"rendered":"Estudiantes se toman el Instituto San Mat\u00edas en Danl\u00ed exigiendo examen de recuperaci\u00f3n"},"content":{"rendered":"\n<p>Un grupo de estudiantes y padres de familia se tom\u00f3 este jueves las instalaciones del Instituto San Mat\u00edas, en\u00a0Danl\u00ed, para exigir la aplicaci\u00f3n de un examen de recuperaci\u00f3n que les permita aprobar el a\u00f1o escolar 2025.<\/p>\n\n\n\n<p>Los manifestantes denunciaron que fueron excluidos del proceso de recuperaci\u00f3n autorizado por la Secretar\u00eda de Educaci\u00f3n. \u201cQueremos una oportunidad para poder graduarnos. En total somos ocho, y 18 ya est\u00e1n a punto de lograr el t\u00edtulo\u201d, expres\u00f3 uno de los alumnos, quien asegur\u00f3 sentirse discriminado por la falta de igualdad en la evaluaci\u00f3n.<\/p>\n\n\n\n<p>Otro joven se\u00f1al\u00f3 presuntas irregularidades en la calificaci\u00f3n: \u201cA uno le dieron puntos de m\u00e1s y a nosotros nos dejaron con cinco. A otro le dieron 20. Aqu\u00ed siempre hay preferencia para algunos alumnos\u201d, reclam\u00f3.<\/p>\n\n\n\n<p>Madres y padres acompa\u00f1aron la manifestaci\u00f3n frente a los portones del centro educativo, pidiendo justicia acad\u00e9mica. \u201cLo que queremos es que se haga justicia a favor de estos estudiantes\u201d, manifest\u00f3 una madre.<\/p>\n\n\n\n<p>De acuerdo con el oficio emitido por la Secretar\u00eda de Educaci\u00f3n, se autoriz\u00f3 la realizaci\u00f3n de una recuperaci\u00f3n especial durante 2025; sin embargo, los alumnos aseguran que quedaron fuera del proceso y piden una segunda oportunidad.<\/p>\n\n\n\n<p>El modelo de evaluaci\u00f3n vigente establece que los estudiantes deben alcanzar un 70 % para aprobar, con una ponderaci\u00f3n del 50 % para tareas y 50 % para ex\u00e1menes.<\/p>\n\n\n\n<p>Por su parte, el secretario de Educaci\u00f3n, Daniel Esponda, record\u00f3 que el calendario escolar finalizar\u00e1 el 28 de noviembre, garantizando los 200 d\u00edas de clases. \u201cEl tema de los 200 d\u00edas de clase ya es una discusi\u00f3n del pasado. Hemos alcanzado los d\u00edas planificados y el calendario se mantiene hasta el 28 de noviembre\u201d, afirm\u00f3.<\/p>\n\n\n\n<p>Esponda agreg\u00f3 que las elecciones generales no afectar\u00e1n la continuidad de las clases, aunque advirti\u00f3 que las lluvias podr\u00edan ocasionar ajustes en las zonas m\u00e1s afectadas.<\/p>\n\n\n\n<p><\/p>\n","protected":false},"excerpt":{"rendered":"<p>Un grupo de estudiantes y padres de familia se tom\u00f3 este jueves las instalaciones del Instituto San Mat\u00edas, en\u00a0Danl\u00ed, para exigir la aplicaci\u00f3n de un examen de recuperaci\u00f3n que les permita aprobar el a\u00f1o escolar 2025. Los manifestantes denunciaron que fueron excluidos del proceso de recuperaci\u00f3n autorizado por la Secretar\u00eda de Educaci\u00f3n. \u201cQueremos una oportunidad [&hellip;]<\/p>\n","protected":false},"author":2,"featured_media":2046,"comment_status":"closed","ping_status":"open","sticky":false,"template":"","format":"standard","meta":{"_seopress_robots_primary_cat":"","_seopress_titles_title":"","_seopress_titles_desc":"","_seopress_robots_index":"","footnotes":""},"categories":[1],"tags":[],"class_list":["post-2045","post","type-post","status-publish","format-standard","has-post-thumbnail","hentry","category-sin-categoria"],"_links":{"self":[{"href":"https:\/\/girasolmultimedios.com\/portal\/wp-json\/wp\/v2\/posts\/2045","targetHints":{"allow":["GET"]}}],"collection":[{"href":"https:\/\/girasolmultimedios.com\/portal\/wp-json\/wp\/v2\/posts"}],"about":[{"href":"https:\/\/girasolmultimedios.com\/portal\/wp-json\/wp\/v2\/types\/post"}],"author":[{"embeddable":true,"href":"https:\/\/girasolmultimedios.com\/portal\/wp-json\/wp\/v2\/users\/2"}],"replies":[{"embeddable":true,"href":"https:\/\/girasolmultimedios.com\/portal\/wp-json\/wp\/v2\/comments?post=2045"}],"version-history":[{"count":1,"href":"https:\/\/girasolmultimedios.com\/portal\/wp-json\/wp\/v2\/posts\/2045\/revisions"}],"predecessor-version":[{"id":2047,"href":"https:\/\/girasolmultimedios.com\/portal\/wp-json\/wp\/v2\/posts\/2045\/revisions\/2047"}],"wp:featuredmedia":[{"embeddable":true,"href":"https:\/\/girasolmultimedios.com\/portal\/wp-json\/wp\/v2\/media\/2046"}],"wp:attachment":[{"href":"https:\/\/girasolmultimedios.com\/portal\/wp-json\/wp\/v2\/media?parent=2045"}],"wp:term":[{"taxonomy":"category","embeddable":true,"href":"https:\/\/girasolmultimedios.com\/portal\/wp-json\/wp\/v2\/categories?post=2045"},{"taxonomy":"post_tag","embeddable":true,"href":"https:\/\/girasolmultimedios.com\/portal\/wp-json\/wp\/v2\/tags?post=2045"}],"curies":[{"name":"wp","href":"https:\/\/api.w.org\/{rel}","templated":true}]}}