{"id":2051,"date":"2025-11-13T09:59:34","date_gmt":"2025-11-13T15:59:34","guid":{"rendered":"https:\/\/girasolmultimedios.com\/portal\/?p=2051"},"modified":"2025-11-13T09:59:34","modified_gmt":"2025-11-13T15:59:34","slug":"lo-envian-a-la-carcel-por-matar-a-su-pareja","status":"publish","type":"post","link":"https:\/\/girasolmultimedios.com\/portal\/lo-envian-a-la-carcel-por-matar-a-su-pareja\/","title":{"rendered":"Lo env\u00edan a la c\u00e1rcel por matar a su pareja"},"content":{"rendered":"\n<p>El juez de Letras Penal celebr\u00f3 audiencia de declaraci\u00f3n de imputado y en su resoluci\u00f3n dict\u00f3 la medida de la detenci\u00f3n judicial a Ram\u00f3n Bladimir F\u00fanez Sosa (42), alias \u00abIker Sosa\u00bb, por suponerlo responsable de feminicidio agravado en perjuicio de su pareja, Claudia In\u00e9s Aceituno C\u00e1ceres.<\/p>\n\n\n\n<p>El pasado domingo 9 de noviembre, la Direcci\u00f3n Policial de Investigaciones (DPI) fue informada de un hecho violento suscitado en una vivienda, ubicada en la aldea Nueva Suyapa.<\/p>\n\n\n\n<p>Se report\u00f3 el hallazgo de un cad\u00e1ver, que ser\u00eda de Claudia In\u00e9s Aceituno, quien se encontraba desaparecida, seg\u00fan familiares, desde el 15 de agosto del presente a\u00f1o.<\/p>\n\n\n\n<p>La exhumaci\u00f3n cadav\u00e9rica se realiz\u00f3 el lunes 10 de noviembre, estableciendo la manera de muerte homicida.<\/p>\n\n\n\n<p>De acuerdo con las investigaciones dirigidas t\u00e9cnica y jur\u00eddicamente por la Secci\u00f3n de Muerte de Mujeres de la Fiscal\u00eda y realizadas por agentes de la Direcci\u00f3n Policial de Investigaciones (DPI), el pasado 15 de agosto, en horas de la noche, el hermano de la v\u00edctima escuch\u00f3 una discusi\u00f3n entre la pareja. Pese a que no le dio importancia, observ\u00f3 que el siguiente d\u00eda su hermana ya no se encontraba en la vivienda.<\/p>\n\n\n\n<h3 class=\"wp-block-heading\">ARA\u00d1AZOS EN LA CARA<\/h3>\n\n\n\n<p>Adem\u00e1s de ello, observ\u00f3 que su cu\u00f1ado ten\u00eda rasgu\u00f1os en su rostro.<\/p>\n\n\n\n<p>Ya en horas de la noche de ese mismo d\u00eda, se enter\u00f3 que su hermana no se encontraba en su casa, que no sab\u00edan de ella y que tampoco hab\u00eda ido a traer a sus hijos a la escuela.<\/p>\n\n\n\n<p>Para el 19 de septiembre, la madre de la v\u00edctima interpuso formal denuncia por la desaparici\u00f3n de su hija.<\/p>\n","protected":false},"excerpt":{"rendered":"<p>El juez de Letras Penal celebr\u00f3 audiencia de declaraci\u00f3n de imputado y en su resoluci\u00f3n dict\u00f3 la medida de la detenci\u00f3n judicial a Ram\u00f3n Bladimir F\u00fanez Sosa (42), alias \u00abIker Sosa\u00bb, por suponerlo responsable de feminicidio agravado en perjuicio de su pareja, Claudia In\u00e9s Aceituno C\u00e1ceres. El pasado domingo 9 de noviembre, la Direcci\u00f3n Policial [&hellip;]<\/p>\n","protected":false},"author":2,"featured_media":2052,"comment_status":"closed","ping_status":"open","sticky":false,"template":"","format":"standard","meta":{"_seopress_robots_primary_cat":"","_seopress_titles_title":"","_seopress_titles_desc":"","_seopress_robots_index":"","footnotes":""},"categories":[1],"tags":[],"class_list":["post-2051","post","type-post","status-publish","format-standard","has-post-thumbnail","hentry","category-sin-categoria"],"_links":{"self":[{"href":"https:\/\/girasolmultimedios.com\/portal\/wp-json\/wp\/v2\/posts\/2051","targetHints":{"allow":["GET"]}}],"collection":[{"href":"https:\/\/girasolmultimedios.com\/portal\/wp-json\/wp\/v2\/posts"}],"about":[{"href":"https:\/\/girasolmultimedios.com\/portal\/wp-json\/wp\/v2\/types\/post"}],"author":[{"embeddable":true,"href":"https:\/\/girasolmultimedios.com\/portal\/wp-json\/wp\/v2\/users\/2"}],"replies":[{"embeddable":true,"href":"https:\/\/girasolmultimedios.com\/portal\/wp-json\/wp\/v2\/comments?post=2051"}],"version-history":[{"count":1,"href":"https:\/\/girasolmultimedios.com\/portal\/wp-json\/wp\/v2\/posts\/2051\/revisions"}],"predecessor-version":[{"id":2053,"href":"https:\/\/girasolmultimedios.com\/portal\/wp-json\/wp\/v2\/posts\/2051\/revisions\/2053"}],"wp:featuredmedia":[{"embeddable":true,"href":"https:\/\/girasolmultimedios.com\/portal\/wp-json\/wp\/v2\/media\/2052"}],"wp:attachment":[{"href":"https:\/\/girasolmultimedios.com\/portal\/wp-json\/wp\/v2\/media?parent=2051"}],"wp:term":[{"taxonomy":"category","embeddable":true,"href":"https:\/\/girasolmultimedios.com\/portal\/wp-json\/wp\/v2\/categories?post=2051"},{"taxonomy":"post_tag","embeddable":true,"href":"https:\/\/girasolmultimedios.com\/portal\/wp-json\/wp\/v2\/tags?post=2051"}],"curies":[{"name":"wp","href":"https:\/\/api.w.org\/{rel}","templated":true}]}}