{"id":2060,"date":"2025-11-13T10:29:18","date_gmt":"2025-11-13T16:29:18","guid":{"rendered":"https:\/\/girasolmultimedios.com\/portal\/?p=2060"},"modified":"2025-11-13T15:04:54","modified_gmt":"2025-11-13T21:04:54","slug":"campanas-de-notre-dame-y-de-iglesias-de-paris-repicaran-hoy-en-homenaje-a-victimas-del-13n","status":"publish","type":"post","link":"https:\/\/girasolmultimedios.com\/portal\/campanas-de-notre-dame-y-de-iglesias-de-paris-repicaran-hoy-en-homenaje-a-victimas-del-13n\/","title":{"rendered":"Campanas de Notre-Dame y de iglesias de Par\u00eds repicar\u00e1n hoy en homenaje a v\u00edctimas del 13N"},"content":{"rendered":"\n<p>Las campanas de la catedral de Notre-Dame y las iglesias de Par\u00eds repicar\u00e1n este jueves minutos antes de que d\u00e9 comienzo la ceremonia principal en homenaje a las v\u00edctimas de los atentados del 13 de noviembre de 2015, justo cuando se cumple una d\u00e9cada de los peores ataques en suelo franc\u00e9s desde la Segunda Guerra Mundial.<\/p>\n\n\n\n<p>\u00abEsta noche, las campanas de todas las iglesias de Par\u00eds repicar\u00e1n para invitarnos a unirnos, todos juntos\u00bb para orar por las 132 victimas mortales (se suman oficialmente dos que se quitaron la vida por el estr\u00e9s postraum\u00e1tico), por sus familias y allegados y \u00abpor quienes sobrevivieron a aquella noche y que a\u00fan sufren las consecuencias\u00bb, anunci\u00f3 el Arzobispo de Par\u00eds Laurent Ulrich.<\/p>\n\n\n\n<p>As\u00ed, \u00abla gran campana de todas las iglesias repicar\u00e1 entre las 17:57 y las 18:02\u00bb hora local, precis\u00f3 la Di\u00f3cesis de Par\u00eds.<\/p>\n\n\n\n<p>\u00abHace diez a\u00f1os, nuestra ciudad se sumi\u00f3 brutalmente en el luto por la muerte de 130 personas inocentes. Para muchos de nosotros, el recuerdo del 13 de noviembre de 2015 sigue siendo, a\u00fan hoy, el de una larga noche de angustia\u00bb y de \u00abconmoci\u00f3n ante la magnitud de la maldad\u00bb, declar\u00f3 el arzobispo Ulrich en un mensaje a los parisinos.<\/p>\n\n\n\n<p>El arzobispo se\u00f1al\u00f3 que se celebrar\u00e1n tambi\u00e9n misas en recuerdo a las v\u00edctimas en las iglesias de Par\u00eds e invit\u00f3 a los habitantes de la capital a encender velas en sus ventanas.<\/p>\n\n\n\n<p>Este homenaje se enmarca dentro de una jornada completa de conmemoraciones, que se retransmitir\u00e1n en directo por las televisiones TF1 y France 2 y la radio France Inter, as\u00ed como en pantallas gigantes en la Plaza de la Rep\u00fablica.<\/p>\n\n\n\n<p>A partir de las 11:30 hora local, el presidente franc\u00e9s, Emmanuel Macron; la alcaldesa de Par\u00eds, Anne Hidalgo, y asociaciones de v\u00edctimas se reunir\u00e1n en la explanada del Estadio de Francia, en Saint-Denis (afueras de Par\u00eds), para conmemorar a la primera v\u00edctima de aquella noche, un portugu\u00e9s que falleci\u00f3 en una de las tres explosiones provocadas por otros tantos yihadistas que detonaron los explosivos que llevaban adosados a sus cuerpos.<\/p>\n\n\n\n<p>Posteriormente, Macron e Hidalgo recorrer\u00e1n las calles por las que un segundo comando de otros tres terroristas abri\u00f3 fuego con fusiles de guerra contra personas en las terrazas de cinco bares y restaurantes de los distritos X y XI de Par\u00eds, donde celebrar\u00e1n ceremonias ante las placas con los nombres de las v\u00edctimas en Le Petit Cambodge y Le Carillon (12:30 horas), La Bonne Bi\u00e8re (13:00 horas), Le Comptoir Voltaire (13:30 horas) y La Belle \u00c9quipe (13:50 horas).<\/p>\n","protected":false},"excerpt":{"rendered":"<p>Las campanas de la catedral de Notre-Dame y las iglesias de Par\u00eds repicar\u00e1n este jueves minutos antes de que d\u00e9 comienzo la ceremonia principal en homenaje a las v\u00edctimas de los atentados del 13 de noviembre de 2015, justo cuando se cumple una d\u00e9cada de los peores ataques en suelo franc\u00e9s desde la Segunda Guerra [&hellip;]<\/p>\n","protected":false},"author":2,"featured_media":2061,"comment_status":"closed","ping_status":"open","sticky":false,"template":"","format":"standard","meta":{"_seopress_robots_primary_cat":"","_seopress_titles_title":"","_seopress_titles_desc":"","_seopress_robots_index":"","footnotes":""},"categories":[45,1],"tags":[286],"class_list":["post-2060","post","type-post","status-publish","format-standard","has-post-thumbnail","hentry","category-internacionales","category-sin-categoria","tag-francia"],"_links":{"self":[{"href":"https:\/\/girasolmultimedios.com\/portal\/wp-json\/wp\/v2\/posts\/2060","targetHints":{"allow":["GET"]}}],"collection":[{"href":"https:\/\/girasolmultimedios.com\/portal\/wp-json\/wp\/v2\/posts"}],"about":[{"href":"https:\/\/girasolmultimedios.com\/portal\/wp-json\/wp\/v2\/types\/post"}],"author":[{"embeddable":true,"href":"https:\/\/girasolmultimedios.com\/portal\/wp-json\/wp\/v2\/users\/2"}],"replies":[{"embeddable":true,"href":"https:\/\/girasolmultimedios.com\/portal\/wp-json\/wp\/v2\/comments?post=2060"}],"version-history":[{"count":1,"href":"https:\/\/girasolmultimedios.com\/portal\/wp-json\/wp\/v2\/posts\/2060\/revisions"}],"predecessor-version":[{"id":2062,"href":"https:\/\/girasolmultimedios.com\/portal\/wp-json\/wp\/v2\/posts\/2060\/revisions\/2062"}],"wp:featuredmedia":[{"embeddable":true,"href":"https:\/\/girasolmultimedios.com\/portal\/wp-json\/wp\/v2\/media\/2061"}],"wp:attachment":[{"href":"https:\/\/girasolmultimedios.com\/portal\/wp-json\/wp\/v2\/media?parent=2060"}],"wp:term":[{"taxonomy":"category","embeddable":true,"href":"https:\/\/girasolmultimedios.com\/portal\/wp-json\/wp\/v2\/categories?post=2060"},{"taxonomy":"post_tag","embeddable":true,"href":"https:\/\/girasolmultimedios.com\/portal\/wp-json\/wp\/v2\/tags?post=2060"}],"curies":[{"name":"wp","href":"https:\/\/api.w.org\/{rel}","templated":true}]}}