{"id":2066,"date":"2025-11-13T10:55:52","date_gmt":"2025-11-13T16:55:52","guid":{"rendered":"https:\/\/girasolmultimedios.com\/portal\/?p=2066"},"modified":"2025-11-13T15:03:29","modified_gmt":"2025-11-13T21:03:29","slug":"gobierno-dice-que-comparte-las-mismas-preocupaciones-de-eeuu-sobre-elecciones","status":"publish","type":"post","link":"https:\/\/girasolmultimedios.com\/portal\/gobierno-dice-que-comparte-las-mismas-preocupaciones-de-eeuu-sobre-elecciones\/","title":{"rendered":"Gobierno dice que comparte las mismas \u201cpreocupaciones\u201d de EEUU sobre elecciones"},"content":{"rendered":"\n<p>El vicecanciller Gerardo Torres se\u00f1al\u00f3 que desde el Gobierno hondure\u00f1o comparten las \u201cpreocupaciones\u201d de los Estados Unidos respecto a las elecciones en el pa\u00eds y la advertencia de la administraci\u00f3n de Donald Trump sobre cualquier \u201catentado contra la integridad del proceso democr\u00e1tico en Honduras\u201d.<\/p>\n\n\n\n<p>Torres aleg\u00f3 que \u201cnosotros compartimos esas preocupaciones\u201d del gobierno de Donald Trump, pues \u201cse ha denunciado formalmente que existen intereses dentro del Consejo Electoral para manipular el proceso y derrumbarlo\u201d.<\/p>\n\n\n\n<p>\u201cEso genera un ambiente de tensi\u00f3n y de polarizaci\u00f3n\u201d, dijo el diplom\u00e1tico hondure\u00f1o. Seg\u00fan coment\u00f3, la reacci\u00f3n de EEUU responde al conocimiento que poseen las organizaciones internacionales sobre el escenario pol\u00edtico hondure\u00f1o, especialmente tras la carta difundida por la Organizaci\u00f3n de Estados Americanos (OEA), en la que tambi\u00e9n se expresan inquietudes respecto a la extensi\u00f3n y funcionamiento del CNE.<\/p>\n","protected":false},"excerpt":{"rendered":"<p>El vicecanciller Gerardo Torres se\u00f1al\u00f3 que desde el Gobierno hondure\u00f1o comparten las \u201cpreocupaciones\u201d de los Estados Unidos respecto a las elecciones en el pa\u00eds y la advertencia de la administraci\u00f3n de Donald Trump sobre cualquier \u201catentado contra la integridad del proceso democr\u00e1tico en Honduras\u201d. Torres aleg\u00f3 que \u201cnosotros compartimos esas preocupaciones\u201d del gobierno de Donald [&hellip;]<\/p>\n","protected":false},"author":2,"featured_media":2067,"comment_status":"closed","ping_status":"open","sticky":false,"template":"","format":"standard","meta":{"_seopress_robots_primary_cat":"","_seopress_titles_title":"","_seopress_titles_desc":"","_seopress_robots_index":"","footnotes":""},"categories":[23,1],"tags":[],"class_list":["post-2066","post","type-post","status-publish","format-standard","has-post-thumbnail","hentry","category-nacionales","category-sin-categoria"],"_links":{"self":[{"href":"https:\/\/girasolmultimedios.com\/portal\/wp-json\/wp\/v2\/posts\/2066","targetHints":{"allow":["GET"]}}],"collection":[{"href":"https:\/\/girasolmultimedios.com\/portal\/wp-json\/wp\/v2\/posts"}],"about":[{"href":"https:\/\/girasolmultimedios.com\/portal\/wp-json\/wp\/v2\/types\/post"}],"author":[{"embeddable":true,"href":"https:\/\/girasolmultimedios.com\/portal\/wp-json\/wp\/v2\/users\/2"}],"replies":[{"embeddable":true,"href":"https:\/\/girasolmultimedios.com\/portal\/wp-json\/wp\/v2\/comments?post=2066"}],"version-history":[{"count":1,"href":"https:\/\/girasolmultimedios.com\/portal\/wp-json\/wp\/v2\/posts\/2066\/revisions"}],"predecessor-version":[{"id":2068,"href":"https:\/\/girasolmultimedios.com\/portal\/wp-json\/wp\/v2\/posts\/2066\/revisions\/2068"}],"wp:featuredmedia":[{"embeddable":true,"href":"https:\/\/girasolmultimedios.com\/portal\/wp-json\/wp\/v2\/media\/2067"}],"wp:attachment":[{"href":"https:\/\/girasolmultimedios.com\/portal\/wp-json\/wp\/v2\/media?parent=2066"}],"wp:term":[{"taxonomy":"category","embeddable":true,"href":"https:\/\/girasolmultimedios.com\/portal\/wp-json\/wp\/v2\/categories?post=2066"},{"taxonomy":"post_tag","embeddable":true,"href":"https:\/\/girasolmultimedios.com\/portal\/wp-json\/wp\/v2\/tags?post=2066"}],"curies":[{"name":"wp","href":"https:\/\/api.w.org\/{rel}","templated":true}]}}