{"id":2081,"date":"2025-11-13T15:25:45","date_gmt":"2025-11-13T21:25:45","guid":{"rendered":"https:\/\/girasolmultimedios.com\/portal\/?p=2081"},"modified":"2025-11-13T15:32:22","modified_gmt":"2025-11-13T21:32:22","slug":"identifican-a-hondureno-que-mato-a-tres-compatriotas-en-una-floristeria-de-texas","status":"publish","type":"post","link":"https:\/\/girasolmultimedios.com\/portal\/identifican-a-hondureno-que-mato-a-tres-compatriotas-en-una-floristeria-de-texas\/","title":{"rendered":"Confirman identidad del hondure\u00f1o acusado de triple homicidio en florister\u00eda de Texas"},"content":{"rendered":"\n<p>Autoridades de<strong>\u00a0San Antonio, Texas,\u00a0<\/strong>confirmaron la identidad del responsable de un tr\u00e1gico incidente ocurrido el\u00a0<strong>8 de noviembre<\/strong>\u00a0en una empresa de jardiner\u00eda donde murieron tres ciudadanos hondure\u00f1os.<\/p>\n\n\n\n<p>Se trata de&nbsp;<strong>Jos\u00e9 David Hern\u00e1ndez Galo<\/strong>, de&nbsp;<strong>21 a\u00f1os<\/strong>, originario de&nbsp;<strong>Villanueva, Cort\u00e9s<\/strong>, norte de Honduras, quien tambi\u00e9n perdi\u00f3 la vida por una herida autoinfligida.<\/p>\n\n\n\n<figure class=\"wp-block-image size-large\"><img alt=\"\" loading=\"lazy\" decoding=\"async\" width=\"1024\" height=\"768\" src=\"https:\/\/girasolmultimedios.com\/portal\/wp-content\/uploads\/Identifican-hondureno-1024x768.webp\" alt=\"\" class=\"wp-image-2083\" srcset=\"https:\/\/girasolmultimedios.com\/portal\/wp-content\/uploads\/Identifican-hondureno-1024x768.webp 1024w, https:\/\/girasolmultimedios.com\/portal\/wp-content\/uploads\/Identifican-hondureno-300x225.webp 300w, https:\/\/girasolmultimedios.com\/portal\/wp-content\/uploads\/Identifican-hondureno-150x113.webp 150w, https:\/\/girasolmultimedios.com\/portal\/wp-content\/uploads\/Identifican-hondureno-768x576.webp 768w, https:\/\/girasolmultimedios.com\/portal\/wp-content\/uploads\/Identifican-hondureno.webp 1200w\" sizes=\"auto, (max-width: 1024px) 100vw, 1024px\" \/><\/figure>\n\n\n\n<p>Las v\u00edctimas fueron los hermanos&nbsp;<strong>Sergio y Selvin Chac\u00f3n<\/strong>, y&nbsp;<strong>Karen Bautista<\/strong>, todos empleados del negocio y compatriotas del agresor.<\/p>\n\n\n\n<p>De acuerdo con el\u00a0<strong>Departamento de Polic\u00eda de San Antonio (SAPD)<\/strong>, el ataque no fue un acto al azar. El jefe policial,\u00a0<strong>William McManus<\/strong>, inform\u00f3 que Hern\u00e1ndez Galo dispar\u00f3 contra sus compa\u00f1eros tras una discusi\u00f3n y luego se quit\u00f3 la vida.<\/p>\n\n\n\n<p>Testigos relataron que el incidente ocurri\u00f3 poco antes de las 8:00 de la ma\u00f1ana, y varios empleados lograron ponerse a salvo. Uno de ellos,&nbsp;<strong>Hip\u00f3lito Mart\u00ednez<\/strong>, sobreviviente, narr\u00f3 que intent\u00f3 alertar a la polic\u00eda y auxiliar a una de las v\u00edctimas.<\/p>\n\n\n\n<p>Familiares contaron que Hern\u00e1ndez Galo hab\u00eda vivido varios meses con los hermanos Chac\u00f3n, quienes lo hab\u00edan ayudado a establecerse en Estados Unidos y a conseguir trabajo en la empresa de jardiner\u00eda.<\/p>\n\n\n\n<p><strong>Horacio Rodr\u00edguez<\/strong>, cu\u00f1ado de los fallecidos, indic\u00f3 que conoci\u00f3 al joven cuando compartieron vivienda en Estados Unidos y se\u00f1al\u00f3 que, aunque inicialmente parec\u00eda tranquilo, su comportamiento cambi\u00f3 con el tiempo.<\/p>\n\n\n\n<p>Las autoridades contin\u00faan investigando los motivos del ataque, mientras la comunidad hondure\u00f1a en Texas organiza gestiones para\u00a0<strong>repatriar los cuerpos<\/strong>\u00a0de las v\u00edctimas hacia Honduras.<\/p>\n","protected":false},"excerpt":{"rendered":"<p>Autoridades de\u00a0San Antonio, Texas,\u00a0confirmaron la identidad del responsable de un tr\u00e1gico incidente ocurrido el\u00a08 de noviembre\u00a0en una empresa de jardiner\u00eda donde murieron tres ciudadanos hondure\u00f1os. Se trata de&nbsp;Jos\u00e9 David Hern\u00e1ndez Galo, de&nbsp;21 a\u00f1os, originario de&nbsp;Villanueva, Cort\u00e9s, norte de Honduras, quien tambi\u00e9n perdi\u00f3 la vida por una herida autoinfligida. Las v\u00edctimas fueron los hermanos&nbsp;Sergio y Selvin [&hellip;]<\/p>\n","protected":false},"author":2,"featured_media":2082,"comment_status":"closed","ping_status":"open","sticky":false,"template":"","format":"standard","meta":{"_seopress_robots_primary_cat":"","_seopress_titles_title":"","_seopress_titles_desc":"","_seopress_robots_index":"","footnotes":""},"categories":[45],"tags":[102,214],"class_list":["post-2081","post","type-post","status-publish","format-standard","has-post-thumbnail","hentry","category-internacionales","tag-eeuu","tag-sucesos"],"_links":{"self":[{"href":"https:\/\/girasolmultimedios.com\/portal\/wp-json\/wp\/v2\/posts\/2081","targetHints":{"allow":["GET"]}}],"collection":[{"href":"https:\/\/girasolmultimedios.com\/portal\/wp-json\/wp\/v2\/posts"}],"about":[{"href":"https:\/\/girasolmultimedios.com\/portal\/wp-json\/wp\/v2\/types\/post"}],"author":[{"embeddable":true,"href":"https:\/\/girasolmultimedios.com\/portal\/wp-json\/wp\/v2\/users\/2"}],"replies":[{"embeddable":true,"href":"https:\/\/girasolmultimedios.com\/portal\/wp-json\/wp\/v2\/comments?post=2081"}],"version-history":[{"count":3,"href":"https:\/\/girasolmultimedios.com\/portal\/wp-json\/wp\/v2\/posts\/2081\/revisions"}],"predecessor-version":[{"id":2087,"href":"https:\/\/girasolmultimedios.com\/portal\/wp-json\/wp\/v2\/posts\/2081\/revisions\/2087"}],"wp:featuredmedia":[{"embeddable":true,"href":"https:\/\/girasolmultimedios.com\/portal\/wp-json\/wp\/v2\/media\/2082"}],"wp:attachment":[{"href":"https:\/\/girasolmultimedios.com\/portal\/wp-json\/wp\/v2\/media?parent=2081"}],"wp:term":[{"taxonomy":"category","embeddable":true,"href":"https:\/\/girasolmultimedios.com\/portal\/wp-json\/wp\/v2\/categories?post=2081"},{"taxonomy":"post_tag","embeddable":true,"href":"https:\/\/girasolmultimedios.com\/portal\/wp-json\/wp\/v2\/tags?post=2081"}],"curies":[{"name":"wp","href":"https:\/\/api.w.org\/{rel}","templated":true}]}}