{"id":2088,"date":"2025-11-13T15:40:40","date_gmt":"2025-11-13T21:40:40","guid":{"rendered":"https:\/\/girasolmultimedios.com\/portal\/?p=2088"},"modified":"2025-11-13T15:41:22","modified_gmt":"2025-11-13T21:41:22","slug":"chile-colombia-y-brasil-son-los-lideres-climaticos-en-latinoamerica-segun-un-estudio-presentado-en-la-cop30","status":"publish","type":"post","link":"https:\/\/girasolmultimedios.com\/portal\/chile-colombia-y-brasil-son-los-lideres-climaticos-en-latinoamerica-segun-un-estudio-presentado-en-la-cop30\/","title":{"rendered":"Chile, Colombia y Brasil, son los l\u00edderes clim\u00e1ticos en Latinoam\u00e9rica, seg\u00fan un estudio presentado en la COP30"},"content":{"rendered":"\n<p>Chile, Colombia y Brasil se ubican como los l\u00edderes clim\u00e1ticos de Am\u00e9rica Latina, seg\u00fan el informe anual del \u00abClimate Action Tracker\u00bb (CAT), presentado este jueves en el marco de la COP30 que se celebra en la amaz\u00f3nica ciudad de Bel\u00e9m.<\/p>\n\n\n\n<p>Si bien sus esfuerzos son significativos en la regi\u00f3n, el informe aclara que ning\u00fan pa\u00eds del mundo est\u00e1 \u00abcompletamente alineado\u00bb con la meta de mantenerse bajo los 1,5 \u00b0C que el Acuerdo de Par\u00eds establece como m\u00e1ximo l\u00edmite.<\/p>\n\n\n\n<p>Seg\u00fan el estudio, las proyecciones de calentamiento global se mantienen en +2,6 \u00b0C para 2100, sin mejoras, por cuarto a\u00f1o consecutivo, a pesar de los nuevos compromisos adquiridos por las naciones para 2035.<\/p>\n\n\n\n<p>Esto se debe a que los compromisos adquiridos por las naciones para 2035 no han logrado modificar las proyecciones de temperatura, y el escenario m\u00e1s optimista, que asume la implementaci\u00f3n total de todas las promesas, apenas reduce el calentamiento a 1,9 \u00b0C para 2100.<\/p>\n\n\n\n<p>De acuerdo con la ONU, el n\u00famero de pa\u00edses con metas clim\u00e1ticas actualizadas (NDC, por sus siglas en ingl\u00e9s) ascendi\u00f3 a 113 en noviembre en la COP30, casi el doble de los 64 que hab\u00edan presentado sus compromisos antes de septiembre, el \u00faltimo plazo oficial.<\/p>\n\n\n\n<h2 class=\"wp-block-heading\" id=\"h-los-avances\">Los avances<\/h2>\n\n\n\n<p>El CAT, que se describe como proyecto cient\u00edfico independiente y que recibe financiaci\u00f3n del Gobierno alem\u00e1n y de fundaciones como European Climate Foundation, explica que los tres pa\u00edses sudamericanos muestran avances notables en la regi\u00f3n.<\/p>\n\n\n\n<p>Chile lidera con una de las tasas de crecimiento m\u00e1s aceleradas en energ\u00edas renovables a nivel global y un plan de eliminaci\u00f3n del carb\u00f3n para 2035 incluido en su NDC.<\/p>\n\n\n\n<p>Colombia, adem\u00e1s de su pol\u00edtica de no autorizar nuevos proyectos de exploraci\u00f3n de petr\u00f3leo y gas, impulsa inversiones en energ\u00edas limpias.<\/p>\n\n\n\n<p>Brasil, adem\u00e1s de su liderazgo en energ\u00edas renovables, cuenta con un sistema nacional de transparencia clim\u00e1tica, dise\u00f1ado para centralizar datos sobre emisiones, riesgos y proyecciones clim\u00e1ticas, con el que busca fortalecer la formulaci\u00f3n de pol\u00edticas p\u00fablicas y atraer inversiones.<\/p>\n\n\n\n<h2 class=\"wp-block-heading\" id=\"h-retrocesos-en-las-grandes-potencias\">Retrocesos en las grandes potencias<\/h2>\n\n\n\n<p>En contraste, potencias como Estados Unidos mostraron retrocesos, mientras China y la Uni\u00f3n Europea, estancamiento.<\/p>\n\n\n\n<p>Con Donald Trump nuevamente en el poder, EE. UU. cancel\u00f3 proyectos de energ\u00eda e\u00f3lica marina y ha expandido la producci\u00f3n de petr\u00f3leo y gas, decisiones que, seg\u00fan el estudio, invalidaron sus metas clim\u00e1ticas previas y debilitaron su contribuci\u00f3n a la reducci\u00f3n global de emisiones.<\/p>\n\n\n\n<p>El informe advierte que, bajo las pol\u00edticas actuales, Estados Unidos no est\u00e1 en camino de cumplir sus objetivos para 2030 ni sus metas de neutralidad de carbono para 2050.<\/p>\n\n\n\n<p>China y la Uni\u00f3n Europea muestran se\u00f1ales de estancamiento, pese a su peso global en la acci\u00f3n clim\u00e1tica.<\/p>\n\n\n\n<p>China ha incrementado su capacidad instalada de energ\u00edas renovables, pero sus emisiones siguieron creciendo en 2023 y las metas del gigante asi\u00e1tico para 2035 no modifican su trayectoria de calentamiento.<\/p>\n\n\n\n<p>En el caso de la Uni\u00f3n Europea, el informe se\u00f1ala que los bloqueos pol\u00edticos han ralentizado la aprobaci\u00f3n de nuevas metas para 2035 y 2040, lo que ha debilitado su liderazgo clim\u00e1tico.<\/p>\n\n\n\n<p>El CAT concluye que a\u00fan es posible limitar el pico de calentamiento a 1,7 \u00b0C si se adoptan medidas ambiciosas de inmediato, como alcanzar cero emisiones netas de di\u00f3xido de carbono antes de 2050.<\/p>\n\n\n\n<p>No obstante advierte que \u00ablo que falta no son promesas, sino acciones concretas\u00bb. EFE<\/p>\n","protected":false},"excerpt":{"rendered":"<p>Chile, Colombia y Brasil se ubican como los l\u00edderes clim\u00e1ticos de Am\u00e9rica Latina, seg\u00fan el informe anual del \u00abClimate Action Tracker\u00bb (CAT), presentado este jueves en el marco de la COP30 que se celebra en la amaz\u00f3nica ciudad de Bel\u00e9m. Si bien sus esfuerzos son significativos en la regi\u00f3n, el informe aclara que ning\u00fan pa\u00eds [&hellip;]<\/p>\n","protected":false},"author":2,"featured_media":2089,"comment_status":"closed","ping_status":"open","sticky":false,"template":"","format":"standard","meta":{"_seopress_robots_primary_cat":"","_seopress_titles_title":"","_seopress_titles_desc":"","_seopress_robots_index":"","footnotes":""},"categories":[45],"tags":[],"class_list":["post-2088","post","type-post","status-publish","format-standard","has-post-thumbnail","hentry","category-internacionales"],"_links":{"self":[{"href":"https:\/\/girasolmultimedios.com\/portal\/wp-json\/wp\/v2\/posts\/2088","targetHints":{"allow":["GET"]}}],"collection":[{"href":"https:\/\/girasolmultimedios.com\/portal\/wp-json\/wp\/v2\/posts"}],"about":[{"href":"https:\/\/girasolmultimedios.com\/portal\/wp-json\/wp\/v2\/types\/post"}],"author":[{"embeddable":true,"href":"https:\/\/girasolmultimedios.com\/portal\/wp-json\/wp\/v2\/users\/2"}],"replies":[{"embeddable":true,"href":"https:\/\/girasolmultimedios.com\/portal\/wp-json\/wp\/v2\/comments?post=2088"}],"version-history":[{"count":1,"href":"https:\/\/girasolmultimedios.com\/portal\/wp-json\/wp\/v2\/posts\/2088\/revisions"}],"predecessor-version":[{"id":2090,"href":"https:\/\/girasolmultimedios.com\/portal\/wp-json\/wp\/v2\/posts\/2088\/revisions\/2090"}],"wp:featuredmedia":[{"embeddable":true,"href":"https:\/\/girasolmultimedios.com\/portal\/wp-json\/wp\/v2\/media\/2089"}],"wp:attachment":[{"href":"https:\/\/girasolmultimedios.com\/portal\/wp-json\/wp\/v2\/media?parent=2088"}],"wp:term":[{"taxonomy":"category","embeddable":true,"href":"https:\/\/girasolmultimedios.com\/portal\/wp-json\/wp\/v2\/categories?post=2088"},{"taxonomy":"post_tag","embeddable":true,"href":"https:\/\/girasolmultimedios.com\/portal\/wp-json\/wp\/v2\/tags?post=2088"}],"curies":[{"name":"wp","href":"https:\/\/api.w.org\/{rel}","templated":true}]}}