{"id":2103,"date":"2025-11-14T09:51:32","date_gmt":"2025-11-14T15:51:32","guid":{"rendered":"https:\/\/girasolmultimedios.com\/portal\/?p=2103"},"modified":"2025-11-14T09:51:32","modified_gmt":"2025-11-14T15:51:32","slug":"cuna-de-alta-presion-continuara-generando-vientos-y-lluvias-en-varias-regiones-de-honduras","status":"publish","type":"post","link":"https:\/\/girasolmultimedios.com\/portal\/cuna-de-alta-presion-continuara-generando-vientos-y-lluvias-en-varias-regiones-de-honduras\/","title":{"rendered":"Cu\u00f1a de alta presi\u00f3n continuar\u00e1 generando vientos y lluvias en varias regiones de Honduras"},"content":{"rendered":"\n<p>Una cu\u00f1a de alta presi\u00f3n contin\u00faa dominando las condiciones clim\u00e1ticas en la mayor parte del territorio hondure\u00f1o, provocando vientos del norte y noreste que arrastran humedad desde el mar Caribe, inform\u00f3 este jueves el meteor\u00f3logo Jorge Castellanos.<\/p>\n\n\n\n<p>Este patr\u00f3n atmosf\u00e9rico generar\u00e1 lluvias y lloviznas d\u00e9biles a moderadas, de forma dispersa, en las regiones norte, centro, occidente y oriente del pa\u00eds.<\/p>\n\n\n\n<p>A esto se suma una vaguada sobre el Golfo de Honduras, que producir\u00e1 lluvias y chubascos con actividad el\u00e9ctrica aislada, especialmente en el noroccidente.<\/p>\n\n\n\n<h4 class=\"wp-block-heading\"><strong>Temperaturas en aumento desde el viernes<\/strong><\/h4>\n\n\n\n<p>Castellanos explic\u00f3 que, pese a las precipitaciones en algunas zonas, a partir de este viernes se registrar\u00e1 un aumento en las temperaturas durante la tarde. Esto se debe a una disminuci\u00f3n en la nubosidad y a la reducci\u00f3n de la velocidad del viento.<\/p>\n\n\n\n<h4 class=\"wp-block-heading\"><strong>Condiciones mar\u00edtimas<\/strong><\/h4>\n\n\n\n<p>Las autoridades anticipan una disminuci\u00f3n del oleaje desde horas de la ma\u00f1ana, con alturas estimadas de 2 a 4 pies tanto en el litoral Caribe como en el Golfo de Fonseca.<\/p>\n\n\n\n<h4 class=\"wp-block-heading\"><strong>Otros datos del clima<\/strong><\/h4>\n\n\n\n<p>Fase lunar: cuarto creciente<\/p>\n\n\n\n<p>Salida del sol: 5:49 a. m.<\/p>\n\n\n\n<p>Ocaso: 5:18 p. m.<\/p>\n\n\n\n<h4 class=\"wp-block-heading\"><strong>Temperaturas por regiones<\/strong><\/h4>\n\n\n\n<p>Zona oriental: m\u00e1xima 32 \u00b0C, m\u00ednima 19 \u00b0C<\/p>\n\n\n\n<p>Occidente: m\u00e1xima 25 \u00b0C, m\u00ednima 13 \u00b0C<\/p>\n\n\n\n<p>Tegucigalpa: m\u00e1xima 25 \u00b0C, m\u00ednima 16 \u00b0C<\/p>\n\n\n\n<p>Zona insular: m\u00e1xima 27 \u00b0C, m\u00ednima 24 \u00b0C<\/p>\n\n\n\n<p>Zona sur: m\u00e1xima 36 \u00b0C, m\u00ednima 25 \u00b0C<\/p>\n\n\n\n<p>Zona central: m\u00e1xima 26 \u00b0C, m\u00ednima 19 \u00b0C<\/p>\n\n\n\n<p>Zona norte: m\u00e1xima 26 \u00b0C, m\u00ednima 21 \u00b0C<\/p>\n","protected":false},"excerpt":{"rendered":"<p>Una cu\u00f1a de alta presi\u00f3n contin\u00faa dominando las condiciones clim\u00e1ticas en la mayor parte del territorio hondure\u00f1o, provocando vientos del norte y noreste que arrastran humedad desde el mar Caribe, inform\u00f3 este jueves el meteor\u00f3logo Jorge Castellanos. Este patr\u00f3n atmosf\u00e9rico generar\u00e1 lluvias y lloviznas d\u00e9biles a moderadas, de forma dispersa, en las regiones norte, centro, [&hellip;]<\/p>\n","protected":false},"author":2,"featured_media":2104,"comment_status":"closed","ping_status":"open","sticky":false,"template":"","format":"standard","meta":{"_seopress_robots_primary_cat":"","_seopress_titles_title":"","_seopress_titles_desc":"","_seopress_robots_index":"","footnotes":""},"categories":[1],"tags":[],"class_list":["post-2103","post","type-post","status-publish","format-standard","has-post-thumbnail","hentry","category-sin-categoria"],"_links":{"self":[{"href":"https:\/\/girasolmultimedios.com\/portal\/wp-json\/wp\/v2\/posts\/2103","targetHints":{"allow":["GET"]}}],"collection":[{"href":"https:\/\/girasolmultimedios.com\/portal\/wp-json\/wp\/v2\/posts"}],"about":[{"href":"https:\/\/girasolmultimedios.com\/portal\/wp-json\/wp\/v2\/types\/post"}],"author":[{"embeddable":true,"href":"https:\/\/girasolmultimedios.com\/portal\/wp-json\/wp\/v2\/users\/2"}],"replies":[{"embeddable":true,"href":"https:\/\/girasolmultimedios.com\/portal\/wp-json\/wp\/v2\/comments?post=2103"}],"version-history":[{"count":1,"href":"https:\/\/girasolmultimedios.com\/portal\/wp-json\/wp\/v2\/posts\/2103\/revisions"}],"predecessor-version":[{"id":2105,"href":"https:\/\/girasolmultimedios.com\/portal\/wp-json\/wp\/v2\/posts\/2103\/revisions\/2105"}],"wp:featuredmedia":[{"embeddable":true,"href":"https:\/\/girasolmultimedios.com\/portal\/wp-json\/wp\/v2\/media\/2104"}],"wp:attachment":[{"href":"https:\/\/girasolmultimedios.com\/portal\/wp-json\/wp\/v2\/media?parent=2103"}],"wp:term":[{"taxonomy":"category","embeddable":true,"href":"https:\/\/girasolmultimedios.com\/portal\/wp-json\/wp\/v2\/categories?post=2103"},{"taxonomy":"post_tag","embeddable":true,"href":"https:\/\/girasolmultimedios.com\/portal\/wp-json\/wp\/v2\/tags?post=2103"}],"curies":[{"name":"wp","href":"https:\/\/api.w.org\/{rel}","templated":true}]}}