{"id":2118,"date":"2025-11-14T10:30:48","date_gmt":"2025-11-14T16:30:48","guid":{"rendered":"https:\/\/girasolmultimedios.com\/portal\/?p=2118"},"modified":"2025-11-14T10:30:48","modified_gmt":"2025-11-14T16:30:48","slug":"estudio-del-cohep-un-62-9-de-hogares-en-honduras-viven-en-condicion-de-pobreza","status":"publish","type":"post","link":"https:\/\/girasolmultimedios.com\/portal\/estudio-del-cohep-un-62-9-de-hogares-en-honduras-viven-en-condicion-de-pobreza\/","title":{"rendered":"Estudio del COHEP: Un 62.9% de hogares en Honduras viven en condici\u00f3n de pobreza"},"content":{"rendered":"\n<p>Un 62.9 por ciento de los hogares en Honduras viven en condici\u00f3n de pobreza, el porcentaje m\u00e1s alto de Centroam\u00e9rica, seg\u00fan el reciente estudio sobre competitividad regional emitido por el Consejo Hondure\u00f1o de la Empresa Privada (Cohep). Significar\u00eda que 6.3 millones de hondure\u00f1os son pobres, de esa cantidad, 4.1 millones en pobreza extrema.<\/p>\n\n\n\n<p>El analista econ\u00f3mico de la empresa privada, L\u00e9ster Amador, se\u00f1al\u00f3 que Honduras no ha logrado reducir de manera significativa los niveles de pobreza en la \u00faltima d\u00e9cada, pese a tener un crecimiento econ\u00f3mico moderado y un flujo constante de remesas.<\/p>\n\n\n\n<p>Honduras lidera en Centroam\u00e9rica como la naci\u00f3n con mayor nivel de pobreza con un 62.9 por ciento, seguido de Guatemala con 56.0 por ciento, estas son las dos naciones que estar\u00edan aplazadas.<\/p>\n\n\n\n<p>El informe regional del Cohep muestra que 24.2 millones de personas de Centroam\u00e9rica viven en condiciones de pobreza.<\/p>\n\n\n\n<p>Con relaci\u00f3n al crecimiento econ\u00f3mico, el Cohep cit\u00f3 las proyecciones del Fondo Monetario Internacional (FMI), con perspectivas de 3.5 por ciento para Honduras a finales de 2025 y 3.3 por ciento para 2026, impulsadas por las pol\u00edticas comerciales internacionales.<\/p>\n","protected":false},"excerpt":{"rendered":"<p>Un 62.9 por ciento de los hogares en Honduras viven en condici\u00f3n de pobreza, el porcentaje m\u00e1s alto de Centroam\u00e9rica, seg\u00fan el reciente estudio sobre competitividad regional emitido por el Consejo Hondure\u00f1o de la Empresa Privada (Cohep). Significar\u00eda que 6.3 millones de hondure\u00f1os son pobres, de esa cantidad, 4.1 millones en pobreza extrema. El analista [&hellip;]<\/p>\n","protected":false},"author":2,"featured_media":2119,"comment_status":"closed","ping_status":"open","sticky":false,"template":"","format":"standard","meta":{"_seopress_robots_primary_cat":"","_seopress_titles_title":"","_seopress_titles_desc":"","_seopress_robots_index":"","footnotes":""},"categories":[1],"tags":[],"class_list":["post-2118","post","type-post","status-publish","format-standard","has-post-thumbnail","hentry","category-sin-categoria"],"_links":{"self":[{"href":"https:\/\/girasolmultimedios.com\/portal\/wp-json\/wp\/v2\/posts\/2118","targetHints":{"allow":["GET"]}}],"collection":[{"href":"https:\/\/girasolmultimedios.com\/portal\/wp-json\/wp\/v2\/posts"}],"about":[{"href":"https:\/\/girasolmultimedios.com\/portal\/wp-json\/wp\/v2\/types\/post"}],"author":[{"embeddable":true,"href":"https:\/\/girasolmultimedios.com\/portal\/wp-json\/wp\/v2\/users\/2"}],"replies":[{"embeddable":true,"href":"https:\/\/girasolmultimedios.com\/portal\/wp-json\/wp\/v2\/comments?post=2118"}],"version-history":[{"count":1,"href":"https:\/\/girasolmultimedios.com\/portal\/wp-json\/wp\/v2\/posts\/2118\/revisions"}],"predecessor-version":[{"id":2120,"href":"https:\/\/girasolmultimedios.com\/portal\/wp-json\/wp\/v2\/posts\/2118\/revisions\/2120"}],"wp:featuredmedia":[{"embeddable":true,"href":"https:\/\/girasolmultimedios.com\/portal\/wp-json\/wp\/v2\/media\/2119"}],"wp:attachment":[{"href":"https:\/\/girasolmultimedios.com\/portal\/wp-json\/wp\/v2\/media?parent=2118"}],"wp:term":[{"taxonomy":"category","embeddable":true,"href":"https:\/\/girasolmultimedios.com\/portal\/wp-json\/wp\/v2\/categories?post=2118"},{"taxonomy":"post_tag","embeddable":true,"href":"https:\/\/girasolmultimedios.com\/portal\/wp-json\/wp\/v2\/tags?post=2118"}],"curies":[{"name":"wp","href":"https:\/\/api.w.org\/{rel}","templated":true}]}}