{"id":2122,"date":"2025-11-15T09:21:53","date_gmt":"2025-11-15T15:21:53","guid":{"rendered":"https:\/\/girasolmultimedios.com\/portal\/?p=2122"},"modified":"2025-11-15T09:21:54","modified_gmt":"2025-11-15T15:21:54","slug":"hugo-noe-pino-es-habitual-que-estados-unidos-deje-fuera-a-honduras","status":"publish","type":"post","link":"https:\/\/girasolmultimedios.com\/portal\/hugo-noe-pino-es-habitual-que-estados-unidos-deje-fuera-a-honduras\/","title":{"rendered":"Hugo No\u00e9 Pino: Es habitual que Estados Unidos deje fuera a Honduras"},"content":{"rendered":"\n<p>El vicepresidente del Congreso Nacional, <strong>Hugo No\u00e9 Pino<\/strong>, consider\u00f3 como <strong>\u201ccompletamente habitual\u201d<\/strong> la determinaci\u00f3n de Estados Unidos de aplicar un arancel del 10% a ciertos productos provenientes de Honduras.<\/p>\n\n\n\n<p>\u201c<strong>Yo lo veo totalmente normal<\/strong>. Esto responde a procesos de negociaci\u00f3n entre los pa\u00edses. Me llam\u00f3 la atenci\u00f3n la forma en que se present\u00f3 diciendo que \u2018Honduras queda excluida\u2019, porque si ese fuera el caso tambi\u00e9n estar\u00edan fuera Costa Rica, Panam\u00e1 y otras naciones. Aqu\u00ed lo que existe es una negociaci\u00f3n entre cuatro pa\u00edses, y Estados Unidos act\u00faa con autonom\u00eda en su pol\u00edtica comercial\u201d, se\u00f1al\u00f3.<\/p>\n\n\n\n<p>Detall\u00f3 que, de acuerdo con informaci\u00f3n proporcionada por la Canciller\u00eda y la Secretar\u00eda de Desarrollo Econ\u00f3mico, Honduras ya sostiene <strong>gestiones diplom\u00e1ticas<\/strong> con Estados Unidos para evaluar opciones que permitan <strong>reducir o eliminar el arancel del 10%<\/strong>.<\/p>\n\n\n\n<p>Adem\u00e1s, mencion\u00f3 que el impacto econ\u00f3mico podr\u00eda <strong>no ser considerable<\/strong>, tomando en cuenta la estructura y el tipo de productos que integran las exportaciones del pa\u00eds.<\/p>\n\n\n\n<p>\u201cEse 10% probablemente no genere una afectaci\u00f3n relevante en las exportaciones hondure\u00f1as. En el caso de la maquila, la disminuci\u00f3n ha estado m\u00e1s relacionada con la baja demanda en Estados Unidos que con el arancel en s\u00ed\u201d, explic\u00f3.<\/p>\n\n\n\n<p>Tambi\u00e9n record\u00f3 que \u201cEstados Unidos siempre ha tomado decisiones en materia econ\u00f3mica bas\u00e1ndose en su posici\u00f3n geopol\u00edtica. En varias ocasiones no compartimos sus posturas, como su respaldo a Israel\u201d, a\u00f1adi\u00f3.<\/p>\n\n\n\n<p>Finalmente, indic\u00f3 que <strong>no hay evidencia de un impacto significativo<\/strong> en las exportaciones de Honduras, especialmente porque el per\u00edodo comercial casi ha concluido.<\/p>\n","protected":false},"excerpt":{"rendered":"<p>El vicepresidente del Congreso Nacional, Hugo No\u00e9 Pino, consider\u00f3 como \u201ccompletamente habitual\u201d la determinaci\u00f3n de Estados Unidos de aplicar un arancel del 10% a ciertos productos provenientes de Honduras. \u201cYo lo veo totalmente normal. Esto responde a procesos de negociaci\u00f3n entre los pa\u00edses. Me llam\u00f3 la atenci\u00f3n la forma en que se present\u00f3 diciendo que [&hellip;]<\/p>\n","protected":false},"author":2,"featured_media":2123,"comment_status":"closed","ping_status":"open","sticky":false,"template":"","format":"standard","meta":{"_seopress_robots_primary_cat":"","_seopress_titles_title":"","_seopress_titles_desc":"","_seopress_robots_index":"","footnotes":""},"categories":[1],"tags":[102,25],"class_list":["post-2122","post","type-post","status-publish","format-standard","has-post-thumbnail","hentry","category-sin-categoria","tag-eeuu","tag-honduras"],"_links":{"self":[{"href":"https:\/\/girasolmultimedios.com\/portal\/wp-json\/wp\/v2\/posts\/2122","targetHints":{"allow":["GET"]}}],"collection":[{"href":"https:\/\/girasolmultimedios.com\/portal\/wp-json\/wp\/v2\/posts"}],"about":[{"href":"https:\/\/girasolmultimedios.com\/portal\/wp-json\/wp\/v2\/types\/post"}],"author":[{"embeddable":true,"href":"https:\/\/girasolmultimedios.com\/portal\/wp-json\/wp\/v2\/users\/2"}],"replies":[{"embeddable":true,"href":"https:\/\/girasolmultimedios.com\/portal\/wp-json\/wp\/v2\/comments?post=2122"}],"version-history":[{"count":1,"href":"https:\/\/girasolmultimedios.com\/portal\/wp-json\/wp\/v2\/posts\/2122\/revisions"}],"predecessor-version":[{"id":2124,"href":"https:\/\/girasolmultimedios.com\/portal\/wp-json\/wp\/v2\/posts\/2122\/revisions\/2124"}],"wp:featuredmedia":[{"embeddable":true,"href":"https:\/\/girasolmultimedios.com\/portal\/wp-json\/wp\/v2\/media\/2123"}],"wp:attachment":[{"href":"https:\/\/girasolmultimedios.com\/portal\/wp-json\/wp\/v2\/media?parent=2122"}],"wp:term":[{"taxonomy":"category","embeddable":true,"href":"https:\/\/girasolmultimedios.com\/portal\/wp-json\/wp\/v2\/categories?post=2122"},{"taxonomy":"post_tag","embeddable":true,"href":"https:\/\/girasolmultimedios.com\/portal\/wp-json\/wp\/v2\/tags?post=2122"}],"curies":[{"name":"wp","href":"https:\/\/api.w.org\/{rel}","templated":true}]}}