{"id":2127,"date":"2025-11-17T09:35:31","date_gmt":"2025-11-17T15:35:31","guid":{"rendered":"https:\/\/girasolmultimedios.com\/portal\/?p=2127"},"modified":"2025-11-17T09:35:31","modified_gmt":"2025-11-17T15:35:31","slug":"atentado-deja-un-nino-muerto-y-una-menor-herida-en-santa-barbara","status":"publish","type":"post","link":"https:\/\/girasolmultimedios.com\/portal\/atentado-deja-un-nino-muerto-y-una-menor-herida-en-santa-barbara\/","title":{"rendered":"Atentado deja un ni\u00f1o muerto y una menor herida en Santa B\u00e1rbara"},"content":{"rendered":"\n<p>Un tr\u00e1gico atentado armado perpetrado contra un grupo de personas que regresaba de un evento pol\u00edtico del Partido Libertad y Refundaci\u00f3n (Libre) ha dejado como saldo un ni\u00f1o de 5 a\u00f1os muerto y una menor herida de gravedad, en un hecho que conmociona a la comunidad local y genera repudio generalizado.<\/p>\n\n\n\n<p>El incidente ocurri\u00f3 en las inmediaciones de la comunidad de La Cuesta en el departamento de Santa B\u00e1rbara, cuando un veh\u00edculo en el que viajaba la familia era atacado a balazos por un desconocido que abri\u00f3 fuego desde un \u00e1rea de matorrales cercanos.<\/p>\n\n\n\n<p>Seg\u00fan testigos presenciales, el ataque fue sorpresivo y dirigido espec\u00edficamente contra el automotor, dejando a dos menores heridos por impacto de arma de fuego.<\/p>\n\n\n\n<p>El ni\u00f1o de 5 a\u00f1os, cuya identidad se reserva por respeto a la familia, fue trasladado de inmediato al centro de salud local, donde lamentablemente falleci\u00f3 minutos despu\u00e9s en la sala de emergencias debido a la gravedad de sus heridas.<\/p>\n\n\n\n<p>Su cuerpo fue remitido a las instalaciones de Medicina Forense en San Pedro Sula para los procedimientos de ley correspondientes.<\/p>\n\n\n\n<p>La otra v\u00edctima, una menor de edad tambi\u00e9n alcanzada por las disparos, fue llevada al Hospital Mario Catarino Rivas en San Pedro Sula, donde recibe atenci\u00f3n m\u00e9dica especializada.<\/p>\n\n\n\n<p>De acuerdo con el reporte preliminar del centro asistencial, su estado de salud se encuentra estable, aunque permanece bajo observaci\u00f3n para descartar complicaciones.<\/p>\n\n\n\n<p>Autoridades de la Polic\u00eda Nacional y del Ministerio P\u00fablico se encuentran en el lugar de los hechos investigando el caso, recolectando evidencias bal\u00edsticas y testimonios para identificar al responsable.<\/p>\n","protected":false},"excerpt":{"rendered":"<p>Un tr\u00e1gico atentado armado perpetrado contra un grupo de personas que regresaba de un evento pol\u00edtico del Partido Libertad y Refundaci\u00f3n (Libre) ha dejado como saldo un ni\u00f1o de 5 a\u00f1os muerto y una menor herida de gravedad, en un hecho que conmociona a la comunidad local y genera repudio generalizado. El incidente ocurri\u00f3 en [&hellip;]<\/p>\n","protected":false},"author":2,"featured_media":2128,"comment_status":"closed","ping_status":"open","sticky":false,"template":"","format":"standard","meta":{"_seopress_robots_primary_cat":"","_seopress_titles_title":"","_seopress_titles_desc":"","_seopress_robots_index":"","footnotes":""},"categories":[1],"tags":[],"class_list":["post-2127","post","type-post","status-publish","format-standard","has-post-thumbnail","hentry","category-sin-categoria"],"_links":{"self":[{"href":"https:\/\/girasolmultimedios.com\/portal\/wp-json\/wp\/v2\/posts\/2127","targetHints":{"allow":["GET"]}}],"collection":[{"href":"https:\/\/girasolmultimedios.com\/portal\/wp-json\/wp\/v2\/posts"}],"about":[{"href":"https:\/\/girasolmultimedios.com\/portal\/wp-json\/wp\/v2\/types\/post"}],"author":[{"embeddable":true,"href":"https:\/\/girasolmultimedios.com\/portal\/wp-json\/wp\/v2\/users\/2"}],"replies":[{"embeddable":true,"href":"https:\/\/girasolmultimedios.com\/portal\/wp-json\/wp\/v2\/comments?post=2127"}],"version-history":[{"count":1,"href":"https:\/\/girasolmultimedios.com\/portal\/wp-json\/wp\/v2\/posts\/2127\/revisions"}],"predecessor-version":[{"id":2129,"href":"https:\/\/girasolmultimedios.com\/portal\/wp-json\/wp\/v2\/posts\/2127\/revisions\/2129"}],"wp:featuredmedia":[{"embeddable":true,"href":"https:\/\/girasolmultimedios.com\/portal\/wp-json\/wp\/v2\/media\/2128"}],"wp:attachment":[{"href":"https:\/\/girasolmultimedios.com\/portal\/wp-json\/wp\/v2\/media?parent=2127"}],"wp:term":[{"taxonomy":"category","embeddable":true,"href":"https:\/\/girasolmultimedios.com\/portal\/wp-json\/wp\/v2\/categories?post=2127"},{"taxonomy":"post_tag","embeddable":true,"href":"https:\/\/girasolmultimedios.com\/portal\/wp-json\/wp\/v2\/tags?post=2127"}],"curies":[{"name":"wp","href":"https:\/\/api.w.org\/{rel}","templated":true}]}}