{"id":2148,"date":"2025-11-17T10:16:44","date_gmt":"2025-11-17T16:16:44","guid":{"rendered":"https:\/\/girasolmultimedios.com\/portal\/?p=2148"},"modified":"2025-11-17T10:16:45","modified_gmt":"2025-11-17T16:16:45","slug":"exportaciones-de-cafe-y-camaron-a-china-crecio-mas-del-200-en-2-anos","status":"publish","type":"post","link":"https:\/\/girasolmultimedios.com\/portal\/exportaciones-de-cafe-y-camaron-a-china-crecio-mas-del-200-en-2-anos\/","title":{"rendered":"Exportaciones de caf\u00e9 y camar\u00f3n a China creci\u00f3 m\u00e1s del 200% en 2 a\u00f1os"},"content":{"rendered":"\n<p>La vicecanciller hondure\u00f1a Cindy Rodr\u00edguez present\u00f3 un balance positivo sobre los v\u00ednculos diplom\u00e1ticos y de cooperaci\u00f3n entre Honduras y la Rep\u00fablica Popular China, a poco m\u00e1s de dos a\u00f1os del establecimiento de relaciones bilaterales.<\/p>\n\n\n\n<p>Seg\u00fan la funcionaria, los resultados se reflejan en \u00e1reas clave como la cooperaci\u00f3n no reembolsable, el comercio agroindustrial y el apoyo educativo, consolidando una alianza estrat\u00e9gica que responde a la agenda de Gobierno.<\/p>\n\n\n\n<p>Rodr\u00edguez subray\u00f3 que la cooperaci\u00f3n china permite la modernizaci\u00f3n de siete escuelas agr\u00edcolas, con nuevas aulas y laboratorios, adem\u00e1s de proyectos en el \u00e1mbito deportivo, cultural y acad\u00e9mico.<\/p>\n\n\n\n<p>\u201cEstamos impulsando volver al campo y fortalecer la cadena de valor agr\u00edcola con el acompa\u00f1amiento chino\u201d, se\u00f1al\u00f3.<\/p>\n\n\n\n<p>En el plano comercial, la vicecanciller destac\u00f3 el dinamismo en las exportaciones de caf\u00e9 y camar\u00f3n, productos que han encontrado un mercado creciente en China.<\/p>\n","protected":false},"excerpt":{"rendered":"<p>La vicecanciller hondure\u00f1a Cindy Rodr\u00edguez present\u00f3 un balance positivo sobre los v\u00ednculos diplom\u00e1ticos y de cooperaci\u00f3n entre Honduras y la Rep\u00fablica Popular China, a poco m\u00e1s de dos a\u00f1os del establecimiento de relaciones bilaterales. Seg\u00fan la funcionaria, los resultados se reflejan en \u00e1reas clave como la cooperaci\u00f3n no reembolsable, el comercio agroindustrial y el apoyo [&hellip;]<\/p>\n","protected":false},"author":2,"featured_media":2149,"comment_status":"closed","ping_status":"open","sticky":false,"template":"","format":"standard","meta":{"_seopress_robots_primary_cat":"","_seopress_titles_title":"","_seopress_titles_desc":"","_seopress_robots_index":"","footnotes":""},"categories":[1],"tags":[],"class_list":["post-2148","post","type-post","status-publish","format-standard","has-post-thumbnail","hentry","category-sin-categoria"],"_links":{"self":[{"href":"https:\/\/girasolmultimedios.com\/portal\/wp-json\/wp\/v2\/posts\/2148","targetHints":{"allow":["GET"]}}],"collection":[{"href":"https:\/\/girasolmultimedios.com\/portal\/wp-json\/wp\/v2\/posts"}],"about":[{"href":"https:\/\/girasolmultimedios.com\/portal\/wp-json\/wp\/v2\/types\/post"}],"author":[{"embeddable":true,"href":"https:\/\/girasolmultimedios.com\/portal\/wp-json\/wp\/v2\/users\/2"}],"replies":[{"embeddable":true,"href":"https:\/\/girasolmultimedios.com\/portal\/wp-json\/wp\/v2\/comments?post=2148"}],"version-history":[{"count":1,"href":"https:\/\/girasolmultimedios.com\/portal\/wp-json\/wp\/v2\/posts\/2148\/revisions"}],"predecessor-version":[{"id":2150,"href":"https:\/\/girasolmultimedios.com\/portal\/wp-json\/wp\/v2\/posts\/2148\/revisions\/2150"}],"wp:featuredmedia":[{"embeddable":true,"href":"https:\/\/girasolmultimedios.com\/portal\/wp-json\/wp\/v2\/media\/2149"}],"wp:attachment":[{"href":"https:\/\/girasolmultimedios.com\/portal\/wp-json\/wp\/v2\/media?parent=2148"}],"wp:term":[{"taxonomy":"category","embeddable":true,"href":"https:\/\/girasolmultimedios.com\/portal\/wp-json\/wp\/v2\/categories?post=2148"},{"taxonomy":"post_tag","embeddable":true,"href":"https:\/\/girasolmultimedios.com\/portal\/wp-json\/wp\/v2\/tags?post=2148"}],"curies":[{"name":"wp","href":"https:\/\/api.w.org\/{rel}","templated":true}]}}