{"id":2157,"date":"2025-11-18T09:49:15","date_gmt":"2025-11-18T15:49:15","guid":{"rendered":"https:\/\/girasolmultimedios.com\/portal\/?p=2157"},"modified":"2025-11-18T09:49:15","modified_gmt":"2025-11-18T15:49:15","slug":"espana-y-honduras-suscriben-acuerdo-de-cooperacion-con-enfoque-en-la-pobreza","status":"publish","type":"post","link":"https:\/\/girasolmultimedios.com\/portal\/espana-y-honduras-suscriben-acuerdo-de-cooperacion-con-enfoque-en-la-pobreza\/","title":{"rendered":"Espa\u00f1a y Honduras suscriben acuerdo de cooperaci\u00f3n con enfoque en la pobreza"},"content":{"rendered":"\n<p>El embajador espa\u00f1ol en Tegucigalpa, Diego Nu\u00f1o Garc\u00eda, present\u00f3 este lunes el Marco de Asociaci\u00f3n para el Desarrollo Sostenible Espa\u00f1a-Honduras 2025-2029, un instrumento que orientar\u00e1 la cooperaci\u00f3n bilateral durante los pr\u00f3ximos cinco a\u00f1os, dotado de 300 millones de euros, con enfoque en la pobreza.<\/p>\n\n\n\n<p>Se trata de \u00abun marco donde se establecen las principales prioridades en materia de cooperaci\u00f3n que permiten llevar a cabo una planificaci\u00f3n mucho m\u00e1s racional de todos los productos de cooperaci\u00f3n que vamos a desarrollar en este periodo\u00bb, dijo a EFE Nu\u00f1o Garc\u00eda en la Embajada de Espa\u00f1a en la capital hondure\u00f1a.<\/p>\n\n\n\n<p>Agreg\u00f3 que \u00abel marco est\u00e1 dotado de un presupuesto de 300 millones de euros (347,7 millones de d\u00f3lares), de los cuales aproximadamente dos terceras partes son ayuda no reembolsable; es decir, donaciones, y una tercera parte que ser\u00eda cooperaci\u00f3n financiera, que es una serie de pr\u00e9stamos que se realizan de car\u00e1cter concesional, siempre orientados a proyectos de desarrollo\u00bb.<\/p>\n\n\n\n<p>A la presentaci\u00f3n asistieron la subsecretaria hondure\u00f1a de Cooperaci\u00f3n y Promoci\u00f3n Internacional, Cindy Rodr\u00edguez; el coordinador de la Oficina de la Agencia Espa\u00f1ola de Cooperaci\u00f3n Internacional para el Desarrollo (AECID), Francisco Tom\u00e1s; representantes de organismos internacionales, la cooperaci\u00f3n europea y de la sociedad civil, entre otros invitados.<\/p>\n\n\n\n<p>Nu\u00f1o Garc\u00eda se\u00f1al\u00f3 que \u00ablo importante no es el nuevo acuerdo que se ha conseguido firmar, sino se\u00f1alar la continuidad del trabajo, de nuestra cooperaci\u00f3n, que vamos a seguir trabajando en los mismos proyectos en muchas de las prioridades que est\u00e1bamos trabajando, teniendo en cuenta tambi\u00e9n prioridades geogr\u00e1ficas donde la Cooperaci\u00f3n Espa\u00f1ola tiene ya una experiencia verdaderamente acreditada\u00bb.<\/p>\n\n\n\n<p>El nuevo marco, seg\u00fan el embajador, renueva la confianza mutua entre Espa\u00f1a y Honduras, poniendo a las personas en el centro de sus acciones.<\/p>\n\n\n\n<p>La subsecretaria de hondure\u00f1a de Cooperaci\u00f3n y Promoci\u00f3n Internacional agradeci\u00f3 al Gobierno de Espa\u00f1a por el nuevo marco de cooperaci\u00f3n que est\u00e1 orientado \u00abespec\u00edficamente para la poblaci\u00f3n m\u00e1s pobre\u00bb de Honduras.<\/p>\n\n\n\n<p>El director de la AECID se\u00f1al\u00f3 a EFE que \u00abla idea es concentrarse en los sectores m\u00e1s vulnerables de los hondure\u00f1os, en la pobreza extrema y en la pobreza que sigue siendo uno de los problemas fundamentales que tiene Honduras\u00bb.<\/p>\n","protected":false},"excerpt":{"rendered":"<p>El embajador espa\u00f1ol en Tegucigalpa, Diego Nu\u00f1o Garc\u00eda, present\u00f3 este lunes el Marco de Asociaci\u00f3n para el Desarrollo Sostenible Espa\u00f1a-Honduras 2025-2029, un instrumento que orientar\u00e1 la cooperaci\u00f3n bilateral durante los pr\u00f3ximos cinco a\u00f1os, dotado de 300 millones de euros, con enfoque en la pobreza. Se trata de \u00abun marco donde se establecen las principales prioridades [&hellip;]<\/p>\n","protected":false},"author":2,"featured_media":2158,"comment_status":"closed","ping_status":"open","sticky":false,"template":"","format":"standard","meta":{"_seopress_robots_primary_cat":"","_seopress_titles_title":"","_seopress_titles_desc":"","_seopress_robots_index":"","footnotes":""},"categories":[1],"tags":[],"class_list":["post-2157","post","type-post","status-publish","format-standard","has-post-thumbnail","hentry","category-sin-categoria"],"_links":{"self":[{"href":"https:\/\/girasolmultimedios.com\/portal\/wp-json\/wp\/v2\/posts\/2157","targetHints":{"allow":["GET"]}}],"collection":[{"href":"https:\/\/girasolmultimedios.com\/portal\/wp-json\/wp\/v2\/posts"}],"about":[{"href":"https:\/\/girasolmultimedios.com\/portal\/wp-json\/wp\/v2\/types\/post"}],"author":[{"embeddable":true,"href":"https:\/\/girasolmultimedios.com\/portal\/wp-json\/wp\/v2\/users\/2"}],"replies":[{"embeddable":true,"href":"https:\/\/girasolmultimedios.com\/portal\/wp-json\/wp\/v2\/comments?post=2157"}],"version-history":[{"count":1,"href":"https:\/\/girasolmultimedios.com\/portal\/wp-json\/wp\/v2\/posts\/2157\/revisions"}],"predecessor-version":[{"id":2159,"href":"https:\/\/girasolmultimedios.com\/portal\/wp-json\/wp\/v2\/posts\/2157\/revisions\/2159"}],"wp:featuredmedia":[{"embeddable":true,"href":"https:\/\/girasolmultimedios.com\/portal\/wp-json\/wp\/v2\/media\/2158"}],"wp:attachment":[{"href":"https:\/\/girasolmultimedios.com\/portal\/wp-json\/wp\/v2\/media?parent=2157"}],"wp:term":[{"taxonomy":"category","embeddable":true,"href":"https:\/\/girasolmultimedios.com\/portal\/wp-json\/wp\/v2\/categories?post=2157"},{"taxonomy":"post_tag","embeddable":true,"href":"https:\/\/girasolmultimedios.com\/portal\/wp-json\/wp\/v2\/tags?post=2157"}],"curies":[{"name":"wp","href":"https:\/\/api.w.org\/{rel}","templated":true}]}}