{"id":2170,"date":"2025-11-19T09:05:20","date_gmt":"2025-11-19T15:05:20","guid":{"rendered":"https:\/\/girasolmultimedios.com\/portal\/?p=2170"},"modified":"2025-11-19T09:24:07","modified_gmt":"2025-11-19T15:24:07","slug":"subcomisario-de-policia-muere-en-enfrentamiento-armado-en-chamelecon","status":"publish","type":"post","link":"https:\/\/girasolmultimedios.com\/portal\/subcomisario-de-policia-muere-en-enfrentamiento-armado-en-chamelecon\/","title":{"rendered":"Dos oficiales de la Polic\u00eda Nacional mueren en enfrentamientos armados en Olancho y San Pedro Sula"},"content":{"rendered":"\n<p>Dos oficiales de la Polic\u00eda Nacional murieron abatidos a balazos ayer durante enfrentamientos armados, uno en Olancho y otro en San Pedro Sula, contra miembros de peligrosas bandas criminales.<\/p>\n\n\n\n<p>Una de las v\u00edctimas, Fredy Adri\u00e1n Contreras Zelaya, pereci\u00f3 en un cruce de balas con delincuentes en la comunidad La Empalizada, entre Juticalpa y Catacamas, Olancho, suceso donde se report\u00f3 un detenido.<\/p>\n\n\n\n<figure class=\"wp-block-image size-large\"><img alt=\"\" loading=\"lazy\" decoding=\"async\" width=\"752\" height=\"1024\" src=\"https:\/\/girasolmultimedios.com\/portal\/wp-content\/uploads\/image-54-752x1024.png\" alt=\"\" class=\"wp-image-2178\" srcset=\"https:\/\/girasolmultimedios.com\/portal\/wp-content\/uploads\/image-54-752x1024.png 752w, https:\/\/girasolmultimedios.com\/portal\/wp-content\/uploads\/image-54-220x300.png 220w, https:\/\/girasolmultimedios.com\/portal\/wp-content\/uploads\/image-54-110x150.png 110w, https:\/\/girasolmultimedios.com\/portal\/wp-content\/uploads\/image-54-768x1046.png 768w, https:\/\/girasolmultimedios.com\/portal\/wp-content\/uploads\/image-54-1128x1536.png 1128w, https:\/\/girasolmultimedios.com\/portal\/wp-content\/uploads\/image-54.png 1504w\" sizes=\"auto, (max-width: 752px) 100vw, 752px\" \/><\/figure>\n\n\n\n<p>En otro enfrentamiento armado con delincuentes, falleci\u00f3 el subcomisario, Vargas en la zona \u201ccaliente\u201d de Monte Bello, en el populoso barrio sampedrano de Chamelec\u00f3n.<\/p>\n\n\n\n<p>Seg\u00fan informaci\u00f3n preliminar, el hecho violento en La Empalizada sucedi\u00f3 a las 9:00 de la ma\u00f1ana, cuando agentes policiales procedieron a realizar una supervisi\u00f3n a tripulantes de una camioneta conducida de manera sospechosa por esa zona.<\/p>\n\n\n\n<figure class=\"wp-block-image size-full\"><img alt=\"\" loading=\"lazy\" decoding=\"async\" width=\"600\" height=\"600\" src=\"https:\/\/girasolmultimedios.com\/portal\/wp-content\/uploads\/image-55.png\" alt=\"\" class=\"wp-image-2179\" srcset=\"https:\/\/girasolmultimedios.com\/portal\/wp-content\/uploads\/image-55.png 600w, https:\/\/girasolmultimedios.com\/portal\/wp-content\/uploads\/image-55-300x300.png 300w, https:\/\/girasolmultimedios.com\/portal\/wp-content\/uploads\/image-55-150x150.png 150w\" sizes=\"auto, (max-width: 600px) 100vw, 600px\" \/><\/figure>\n\n\n\n<p>Los ocupantes del carro, color negro, abrieron fuego de manera sorpresiva contra una patrulla policial que realizaba patrullajes preventivos en el contexto de la Operaci\u00f3n Alc\u00e1zar. Los malvivientes mataron al instante al oficial Contreras Zelaya, hiriendo de gravedad a otro efectivo policial.<\/p>\n\n\n\n<p>Luego de cometer el vil hecho, los supuestos bandoleros huyeron del lugar, a bordo de la camioneta.<\/p>\n\n\n\n<figure class=\"wp-block-image size-full\"><img alt=\"\" loading=\"lazy\" decoding=\"async\" width=\"996\" height=\"510\" src=\"https:\/\/girasolmultimedios.com\/portal\/wp-content\/uploads\/image-53.png\" alt=\"\" class=\"wp-image-2177\" srcset=\"https:\/\/girasolmultimedios.com\/portal\/wp-content\/uploads\/image-53.png 996w, https:\/\/girasolmultimedios.com\/portal\/wp-content\/uploads\/image-53-300x154.png 300w, https:\/\/girasolmultimedios.com\/portal\/wp-content\/uploads\/image-53-150x77.png 150w, https:\/\/girasolmultimedios.com\/portal\/wp-content\/uploads\/image-53-768x393.png 768w\" sizes=\"auto, (max-width: 996px) 100vw, 996px\" \/><\/figure>\n\n\n\n<p>El conductor del veh\u00edculo supuestamente result\u00f3 malherido, provocando que chocara contra \u00e1rboles a la orilla de una carretera estrecha de tierra a unos 400 metros de donde hab\u00edan matado al agente. Seguidamente, los delincuentes descendieron del automotor y se metieron a los matorrales, despareciendo entre cerros, potreros y quebradas.<\/p>\n\n\n\n<p>Inmediatamente despu\u00e9s del tiroteo, agentes policiales se desplazaron hacia ese sector de La Empalizada para verificar la alerta de apoyo emitida con un compa\u00f1ero muerto a balazos.<\/p>\n\n\n\n<p>Tras confirmar el hecho violento, las autoridades policiales activaron protocolos de respuesta r\u00e1pida, logrando encontrar el veh\u00edculo donde se transportaban los malhechores. En el lugar se aseguraron indicios relevantes para la investigaci\u00f3n, el veh\u00edculo Nissan Pathfinder sin placas, una escopeta y un tel\u00e9fono celular, presuntamente vinculado al agresor.<\/p>\n\n\n\n<p>De manera paralela, una persona fue detenida para efectos de investigaci\u00f3n, con el fin de determinar su posible relaci\u00f3n con el hecho.<\/p>\n\n\n\n<p>Unidades policiales permanec\u00edan desplegadas en ese sector de Olancho, ejecutando operaciones de b\u00fasqueda, con un cerco y rastreo orientadas a identificar y detener a los responsables.<\/p>\n\n\n\n<p>Sobre, el agente Contreras Zelaya, ayer se supo que era un elemento dedicado y valiente de la instituci\u00f3n policial con a\u00f1os de servicio en la regi\u00f3n.<\/p>\n\n\n\n<p>\u201cPerdi\u00f3 la vida en el cumplimiento de su deber al ser atacado por un grupo de civiles armados\u201d dijo el director de comunicaciones y estrategias de la Secretar\u00eda de Seguridad, Miguel Mart\u00ednez Madrid.<\/p>\n\n\n\n<p>Este lamentable suceso resalta la creciente inseguridad en zonas rurales de Olancho, donde las operaciones contra el crimen organizado se ven obstaculizadas por la presencia de bandas delictivas equipadas con armamento de alto calibre.<\/p>\n\n\n\n<p>Es el segundo oficial ca\u00eddo en el cumplimiento del deber en menos de un mes, la madrugada del 22 de octubre, narcotraficantes asesinaron al agente Chown Antonio Bosen Ben\u00edtez durante un ataque armado en pleno hospital de Puerto Lempira, departamento de Gracias a Dios.&nbsp;<\/p>\n","protected":false},"excerpt":{"rendered":"<p>Dos oficiales de la Polic\u00eda Nacional murieron abatidos a balazos ayer durante enfrentamientos armados, uno en Olancho y otro en San Pedro Sula, contra miembros de peligrosas bandas criminales. Una de las v\u00edctimas, Fredy Adri\u00e1n Contreras Zelaya, pereci\u00f3 en un cruce de balas con delincuentes en la comunidad La Empalizada, entre Juticalpa y Catacamas, Olancho, [&hellip;]<\/p>\n","protected":false},"author":2,"featured_media":2171,"comment_status":"closed","ping_status":"open","sticky":false,"template":"","format":"standard","meta":{"_seopress_robots_primary_cat":"","_seopress_titles_title":"","_seopress_titles_desc":"","_seopress_robots_index":"","footnotes":""},"categories":[23],"tags":[25,150,214],"class_list":["post-2170","post","type-post","status-publish","format-standard","has-post-thumbnail","hentry","category-nacionales","tag-honduras","tag-policia-nacional","tag-sucesos"],"_links":{"self":[{"href":"https:\/\/girasolmultimedios.com\/portal\/wp-json\/wp\/v2\/posts\/2170","targetHints":{"allow":["GET"]}}],"collection":[{"href":"https:\/\/girasolmultimedios.com\/portal\/wp-json\/wp\/v2\/posts"}],"about":[{"href":"https:\/\/girasolmultimedios.com\/portal\/wp-json\/wp\/v2\/types\/post"}],"author":[{"embeddable":true,"href":"https:\/\/girasolmultimedios.com\/portal\/wp-json\/wp\/v2\/users\/2"}],"replies":[{"embeddable":true,"href":"https:\/\/girasolmultimedios.com\/portal\/wp-json\/wp\/v2\/comments?post=2170"}],"version-history":[{"count":3,"href":"https:\/\/girasolmultimedios.com\/portal\/wp-json\/wp\/v2\/posts\/2170\/revisions"}],"predecessor-version":[{"id":2180,"href":"https:\/\/girasolmultimedios.com\/portal\/wp-json\/wp\/v2\/posts\/2170\/revisions\/2180"}],"wp:featuredmedia":[{"embeddable":true,"href":"https:\/\/girasolmultimedios.com\/portal\/wp-json\/wp\/v2\/media\/2171"}],"wp:attachment":[{"href":"https:\/\/girasolmultimedios.com\/portal\/wp-json\/wp\/v2\/media?parent=2170"}],"wp:term":[{"taxonomy":"category","embeddable":true,"href":"https:\/\/girasolmultimedios.com\/portal\/wp-json\/wp\/v2\/categories?post=2170"},{"taxonomy":"post_tag","embeddable":true,"href":"https:\/\/girasolmultimedios.com\/portal\/wp-json\/wp\/v2\/tags?post=2170"}],"curies":[{"name":"wp","href":"https:\/\/api.w.org\/{rel}","templated":true}]}}