{"id":2191,"date":"2025-11-19T09:58:34","date_gmt":"2025-11-19T15:58:34","guid":{"rendered":"https:\/\/girasolmultimedios.com\/portal\/?p=2191"},"modified":"2025-11-19T09:58:35","modified_gmt":"2025-11-19T15:58:35","slug":"grave-preocupacion-internacional-por-el-clima-de-hostigamiento-contra-la-prensa-en-honduras","status":"publish","type":"post","link":"https:\/\/girasolmultimedios.com\/portal\/grave-preocupacion-internacional-por-el-clima-de-hostigamiento-contra-la-prensa-en-honduras\/","title":{"rendered":"Grave preocupaci\u00f3n internacional por el clima de hostigamiento contra la prensa en Honduras"},"content":{"rendered":"\n<p>La\u00a0Sociedad Interamericana de Prensa (SIP), junto a diversas organizaciones internacionales, regionales y nacionales defensoras de la libertad de expresi\u00f3n y los derechos humanos, expresa su profunda alarma ante el clima de hostigamiento, estigmatizaci\u00f3n y amenazas que enfrentan periodistas y medios de comunicaci\u00f3n en Honduras en las semanas previas a las elecciones generales del 30 de noviembre.<\/p>\n\n\n\n<p>Los ataques recientes provenientes de altos mandos militares, sumados a una tendencia de acoso judicial, vigilancia digital y presiones administrativas, configuran un entorno hostil e incompatible con los est\u00e1ndares internacionales de libertad de prensa. En este contexto, las autoridades tienen la obligaci\u00f3n de garantizar la seguridad, independencia y libre ejercicio del periodismo, piedra angular de cualquier proceso democr\u00e1tico.<\/p>\n\n\n\n<p>En las \u00faltimas semanas, el alto mando de las Fuerzas Armadas de Honduras ha emitido declaraciones p\u00fablicas de extrema gravedad, en las que acusa a medios de comunicaci\u00f3n y periodistas de encabezar supuestas \u201ccampa\u00f1as medi\u00e1ticas disfrazadas de cobertura period\u00edstica\u201d contra la instituci\u00f3n militar. Estas afirmaciones, acompa\u00f1adas de insinuaciones sobre un presunto \u201centramado donde actores p\u00fablicos y privados se confunden con estructuras del crimen organizado\u201d en el contexto electoral, constituyen actos de estigmatizaci\u00f3n que buscan desacreditar el ejercicio profesional de la prensa.<\/p>\n\n\n\n<p>Estas expresiones se suman a una serie de hechos ocurridos a lo largo del a\u00f1o. En febrero, altos mandos anunciaron la intenci\u00f3n de emprender acciones judiciales contra al menos 12 medios hondure\u00f1os con el fin de forzarlos a revelar sus fuentes informativas. En mayo, el medio oficial de las Fuerzas Armadas calific\u00f3 a periodistas como \u201csicarios de la verdad\u201d, un mensaje que refuerza un patr\u00f3n sistem\u00e1tico de intimidaci\u00f3n institucional, contrario a las obligaciones internacionales del Estado en materia de libertad de expresi\u00f3n.<\/p>\n","protected":false},"excerpt":{"rendered":"<p>La\u00a0Sociedad Interamericana de Prensa (SIP), junto a diversas organizaciones internacionales, regionales y nacionales defensoras de la libertad de expresi\u00f3n y los derechos humanos, expresa su profunda alarma ante el clima de hostigamiento, estigmatizaci\u00f3n y amenazas que enfrentan periodistas y medios de comunicaci\u00f3n en Honduras en las semanas previas a las elecciones generales del 30 de [&hellip;]<\/p>\n","protected":false},"author":2,"featured_media":2192,"comment_status":"closed","ping_status":"open","sticky":false,"template":"","format":"standard","meta":{"_seopress_robots_primary_cat":"","_seopress_titles_title":"","_seopress_titles_desc":"","_seopress_robots_index":"","footnotes":""},"categories":[1],"tags":[],"class_list":["post-2191","post","type-post","status-publish","format-standard","has-post-thumbnail","hentry","category-sin-categoria"],"_links":{"self":[{"href":"https:\/\/girasolmultimedios.com\/portal\/wp-json\/wp\/v2\/posts\/2191","targetHints":{"allow":["GET"]}}],"collection":[{"href":"https:\/\/girasolmultimedios.com\/portal\/wp-json\/wp\/v2\/posts"}],"about":[{"href":"https:\/\/girasolmultimedios.com\/portal\/wp-json\/wp\/v2\/types\/post"}],"author":[{"embeddable":true,"href":"https:\/\/girasolmultimedios.com\/portal\/wp-json\/wp\/v2\/users\/2"}],"replies":[{"embeddable":true,"href":"https:\/\/girasolmultimedios.com\/portal\/wp-json\/wp\/v2\/comments?post=2191"}],"version-history":[{"count":1,"href":"https:\/\/girasolmultimedios.com\/portal\/wp-json\/wp\/v2\/posts\/2191\/revisions"}],"predecessor-version":[{"id":2193,"href":"https:\/\/girasolmultimedios.com\/portal\/wp-json\/wp\/v2\/posts\/2191\/revisions\/2193"}],"wp:featuredmedia":[{"embeddable":true,"href":"https:\/\/girasolmultimedios.com\/portal\/wp-json\/wp\/v2\/media\/2192"}],"wp:attachment":[{"href":"https:\/\/girasolmultimedios.com\/portal\/wp-json\/wp\/v2\/media?parent=2191"}],"wp:term":[{"taxonomy":"category","embeddable":true,"href":"https:\/\/girasolmultimedios.com\/portal\/wp-json\/wp\/v2\/categories?post=2191"},{"taxonomy":"post_tag","embeddable":true,"href":"https:\/\/girasolmultimedios.com\/portal\/wp-json\/wp\/v2\/tags?post=2191"}],"curies":[{"name":"wp","href":"https:\/\/api.w.org\/{rel}","templated":true}]}}