{"id":2194,"date":"2025-11-19T10:12:02","date_gmt":"2025-11-19T16:12:02","guid":{"rendered":"https:\/\/girasolmultimedios.com\/portal\/?p=2194"},"modified":"2025-11-19T10:12:03","modified_gmt":"2025-11-19T16:12:03","slug":"senaf-registra-mas-de-2500-denuncias-de-violencia-infantil-en-2025","status":"publish","type":"post","link":"https:\/\/girasolmultimedios.com\/portal\/senaf-registra-mas-de-2500-denuncias-de-violencia-infantil-en-2025\/","title":{"rendered":"Senaf registra m\u00e1s de 2,500 denuncias de violencia infantil en 2025"},"content":{"rendered":"\n<p>La\u00a0Secretar\u00eda de la Ni\u00f1ez, Adolescencia y Familia (Senaf)\u00a0report\u00f3 m\u00e1s de 2,500 denuncias de ni\u00f1os y ni\u00f1as v\u00edctimas de distintos tipos de violencia en lo que va del a\u00f1o, inform\u00f3 la ministra Lizeth Coello.<\/p>\n\n\n\n<p>Coello afirm\u00f3 que la instituci\u00f3n act\u00faa de inmediato ante cada caso y aplica medidas de protecci\u00f3n para atender situaciones de abuso sexual, maltrato y abandono registradas en varios departamentos del pa\u00eds.<\/p>\n\n\n\n<p>\u201cNuestra responsabilidad es emitir y ejecutar medidas de protecci\u00f3n frente a toda vulneraci\u00f3n\u201d, se\u00f1al\u00f3.<\/p>\n\n\n\n<p>La ministra recalc\u00f3 que la Senaf trabaja de forma interinstitucional con el Ministerio P\u00fablico, la Polic\u00eda y la Secretar\u00eda de Salud para garantizar atenci\u00f3n integral a las v\u00edctimas, especialmente en casos que implican da\u00f1os f\u00edsicos y emocionales.<\/p>\n\n\n\n<p>Coello calific\u00f3 la situaci\u00f3n como grave y record\u00f3 que muchas agresiones ocurren dentro del entorno cercano de los menores.<\/p>\n\n\n\n<p>Por ello pidi\u00f3 a las familias asumir su rol como primer espacio de resguardo.<\/p>\n\n\n\n<p>Tambi\u00e9n inst\u00f3 a los partidos pol\u00edticos a no exponer a la ni\u00f1ez en actividades proselitistas, tras la muerte de Caleb, un ni\u00f1o de cinco a\u00f1os, en un evento del Partido Libertad y Refundaci\u00f3n (Libre).<\/p>\n\n\n\n<p>\u201cLa muerte de Caleb es un crimen que debe investigarse a profundidad; su familia merece justicia\u201d, afirm\u00f3.<\/p>\n","protected":false},"excerpt":{"rendered":"<p>La\u00a0Secretar\u00eda de la Ni\u00f1ez, Adolescencia y Familia (Senaf)\u00a0report\u00f3 m\u00e1s de 2,500 denuncias de ni\u00f1os y ni\u00f1as v\u00edctimas de distintos tipos de violencia en lo que va del a\u00f1o, inform\u00f3 la ministra Lizeth Coello. Coello afirm\u00f3 que la instituci\u00f3n act\u00faa de inmediato ante cada caso y aplica medidas de protecci\u00f3n para atender situaciones de abuso sexual, [&hellip;]<\/p>\n","protected":false},"author":2,"featured_media":2195,"comment_status":"closed","ping_status":"open","sticky":false,"template":"","format":"standard","meta":{"_seopress_robots_primary_cat":"","_seopress_titles_title":"","_seopress_titles_desc":"","_seopress_robots_index":"","footnotes":""},"categories":[1],"tags":[],"class_list":["post-2194","post","type-post","status-publish","format-standard","has-post-thumbnail","hentry","category-sin-categoria"],"_links":{"self":[{"href":"https:\/\/girasolmultimedios.com\/portal\/wp-json\/wp\/v2\/posts\/2194","targetHints":{"allow":["GET"]}}],"collection":[{"href":"https:\/\/girasolmultimedios.com\/portal\/wp-json\/wp\/v2\/posts"}],"about":[{"href":"https:\/\/girasolmultimedios.com\/portal\/wp-json\/wp\/v2\/types\/post"}],"author":[{"embeddable":true,"href":"https:\/\/girasolmultimedios.com\/portal\/wp-json\/wp\/v2\/users\/2"}],"replies":[{"embeddable":true,"href":"https:\/\/girasolmultimedios.com\/portal\/wp-json\/wp\/v2\/comments?post=2194"}],"version-history":[{"count":1,"href":"https:\/\/girasolmultimedios.com\/portal\/wp-json\/wp\/v2\/posts\/2194\/revisions"}],"predecessor-version":[{"id":2196,"href":"https:\/\/girasolmultimedios.com\/portal\/wp-json\/wp\/v2\/posts\/2194\/revisions\/2196"}],"wp:featuredmedia":[{"embeddable":true,"href":"https:\/\/girasolmultimedios.com\/portal\/wp-json\/wp\/v2\/media\/2195"}],"wp:attachment":[{"href":"https:\/\/girasolmultimedios.com\/portal\/wp-json\/wp\/v2\/media?parent=2194"}],"wp:term":[{"taxonomy":"category","embeddable":true,"href":"https:\/\/girasolmultimedios.com\/portal\/wp-json\/wp\/v2\/categories?post=2194"},{"taxonomy":"post_tag","embeddable":true,"href":"https:\/\/girasolmultimedios.com\/portal\/wp-json\/wp\/v2\/tags?post=2194"}],"curies":[{"name":"wp","href":"https:\/\/api.w.org\/{rel}","templated":true}]}}