{"id":2197,"date":"2025-11-19T10:19:39","date_gmt":"2025-11-19T16:19:39","guid":{"rendered":"https:\/\/girasolmultimedios.com\/portal\/?p=2197"},"modified":"2025-11-19T10:19:40","modified_gmt":"2025-11-19T16:19:40","slug":"policia-frustra-secuestro-del-hijo-de-un-empresario","status":"publish","type":"post","link":"https:\/\/girasolmultimedios.com\/portal\/policia-frustra-secuestro-del-hijo-de-un-empresario\/","title":{"rendered":"Polic\u00eda frustra secuestro del hijo de un empresario"},"content":{"rendered":"\n<p>La tranquilidad de Yorito se vio interrumpida tras el secuestro del hijo de un reconocido empresario del transporte, hecho que gener\u00f3 una amplia movilizaci\u00f3n policial en la zona, lo que oblig\u00f3 a los delincuentes a liberarlo.<\/p>\n\n\n\n<p>Seg\u00fan informaci\u00f3n preliminar, el joven fue interceptado por individuos armados y trasladado en un veh\u00edculo que posteriormente fue ubicado por las autoridades.<\/p>\n\n\n\n<p>El operativo de b\u00fasqueda se intensific\u00f3 en las comunidades cercanas al r\u00edo Luqu\u00edgue, donde finalmente los secuestradores, al verse acorralados por la Polic\u00eda Nacional, abandonaron al joven.<\/p>\n\n\n\n<p>La v\u00edctima fue encontrada con vida y trasladada a un centro asistencial para su valoraci\u00f3n m\u00e9dica, confirmaron fuentes oficiales.<\/p>\n\n\n\n<p>La Direcci\u00f3n Policial de Investigaciones (DPI) despleg\u00f3 equipos especiales en coordinaci\u00f3n con la Unidad Antisecuestros, quienes rastrean a los responsables del hecho.<\/p>\n\n\n\n<p>El veh\u00edculo utilizado en el rapto ya se encuentra bajo custodia policial y ser\u00e1 sometido a peritajes para obtener pistas sobre los captores.<\/p>\n\n\n\n<p>Este caso se suma a otros episodios de secuestro registrados en el departamento de Yoro en los \u00faltimos meses.<\/p>\n\n\n\n<p>En abril del 2025, el hijo de otro empresario de Tocoa fue raptado en circunstancias similares, lo que gener\u00f3 alarma nacional y presi\u00f3n sobre las autoridades para reforzar las medidas de seguridad.<\/p>\n\n\n\n<p>La poblaci\u00f3n de Yorito permanece en alerta, mientras l\u00edderes comunitarios han solicitado mayor presencia policial y patrullajes constantes para evitar que hechos de esta naturaleza se repitan.<\/p>\n\n\n\n<p>Organizaciones de derechos humanos tambi\u00e9n han advertido que el secuestro se ha convertido en una de las modalidades delictivas m\u00e1s preocupantes en el norte del pa\u00eds, afectando tanto a empresarios como a sus familias.<\/p>\n\n\n\n<p>El Ministerio P\u00fablico confirm\u00f3 que se abrir\u00e1 una investigaci\u00f3n formal y que no se descarta la participaci\u00f3n de estructuras criminales vinculadas al crimen organizado.<\/p>\n\n\n\n<p>La r\u00e1pida reacci\u00f3n policial permiti\u00f3 salvar la vida del joven, pero el caso deja en evidencia la vulnerabilidad de las comunidades rurales frente a la violencia.<\/p>\n","protected":false},"excerpt":{"rendered":"<p>La tranquilidad de Yorito se vio interrumpida tras el secuestro del hijo de un reconocido empresario del transporte, hecho que gener\u00f3 una amplia movilizaci\u00f3n policial en la zona, lo que oblig\u00f3 a los delincuentes a liberarlo. Seg\u00fan informaci\u00f3n preliminar, el joven fue interceptado por individuos armados y trasladado en un veh\u00edculo que posteriormente fue ubicado [&hellip;]<\/p>\n","protected":false},"author":2,"featured_media":2198,"comment_status":"closed","ping_status":"open","sticky":false,"template":"","format":"standard","meta":{"_seopress_robots_primary_cat":"","_seopress_titles_title":"","_seopress_titles_desc":"","_seopress_robots_index":"","footnotes":""},"categories":[1],"tags":[],"class_list":["post-2197","post","type-post","status-publish","format-standard","has-post-thumbnail","hentry","category-sin-categoria"],"_links":{"self":[{"href":"https:\/\/girasolmultimedios.com\/portal\/wp-json\/wp\/v2\/posts\/2197","targetHints":{"allow":["GET"]}}],"collection":[{"href":"https:\/\/girasolmultimedios.com\/portal\/wp-json\/wp\/v2\/posts"}],"about":[{"href":"https:\/\/girasolmultimedios.com\/portal\/wp-json\/wp\/v2\/types\/post"}],"author":[{"embeddable":true,"href":"https:\/\/girasolmultimedios.com\/portal\/wp-json\/wp\/v2\/users\/2"}],"replies":[{"embeddable":true,"href":"https:\/\/girasolmultimedios.com\/portal\/wp-json\/wp\/v2\/comments?post=2197"}],"version-history":[{"count":1,"href":"https:\/\/girasolmultimedios.com\/portal\/wp-json\/wp\/v2\/posts\/2197\/revisions"}],"predecessor-version":[{"id":2199,"href":"https:\/\/girasolmultimedios.com\/portal\/wp-json\/wp\/v2\/posts\/2197\/revisions\/2199"}],"wp:featuredmedia":[{"embeddable":true,"href":"https:\/\/girasolmultimedios.com\/portal\/wp-json\/wp\/v2\/media\/2198"}],"wp:attachment":[{"href":"https:\/\/girasolmultimedios.com\/portal\/wp-json\/wp\/v2\/media?parent=2197"}],"wp:term":[{"taxonomy":"category","embeddable":true,"href":"https:\/\/girasolmultimedios.com\/portal\/wp-json\/wp\/v2\/categories?post=2197"},{"taxonomy":"post_tag","embeddable":true,"href":"https:\/\/girasolmultimedios.com\/portal\/wp-json\/wp\/v2\/tags?post=2197"}],"curies":[{"name":"wp","href":"https:\/\/api.w.org\/{rel}","templated":true}]}}