{"id":2210,"date":"2025-11-19T10:31:43","date_gmt":"2025-11-19T16:31:43","guid":{"rendered":"https:\/\/girasolmultimedios.com\/portal\/?p=2210"},"modified":"2025-11-19T10:31:44","modified_gmt":"2025-11-19T16:31:44","slug":"el-problema-del-empleo-en-honduras-es-la-informalidad-senalan-empresarios","status":"publish","type":"post","link":"https:\/\/girasolmultimedios.com\/portal\/el-problema-del-empleo-en-honduras-es-la-informalidad-senalan-empresarios\/","title":{"rendered":"El problema del empleo en Honduras es la informalidad, se\u00f1alan empresarios"},"content":{"rendered":"\n<p>El empresario de la Asociaci\u00f3n de Maquiladores de Honduras, Jes\u00fas Canahuati, afirm\u00f3 este martes que el principal problema del empleo en el pa\u00eds \u201ces la informalidad\u201d y reiter\u00f3, desde el sector privado, el llamado a avanzar hacia la formalizaci\u00f3n de la econom\u00eda.<\/p>\n\n\n\n<p>\u201cEl problema de Honduras es la informalidad \u2026 Cohep propone que formalicemos la econom\u00eda y generemos empleo formal\u201d, dijo Canahuati a periodistas.<\/p>\n\n\n\n<p>\u201cEl c\u00edrculo de la pobreza se rompe solo con la generaci\u00f3n de empleo formal\u201d, se\u00f1al\u00f3.<\/p>\n\n\n\n<p>Canahuati record\u00f3 que El Salvador y Guatemala acaban de recibir un beneficio de la reducci\u00f3n del arancel del 10 a 0 por ciento y \u201cesto nos ha puesto en un reto muy fuerte\u201d, en referencia a la competitividad del pa\u00eds en la regi\u00f3n.<\/p>\n\n\n\n<p>De su lado, el presidente de la Asociaci\u00f3n de Universidades Privadas, Julio Raudales, reconoci\u00f3 que la cantidad de empleo \u201cha incrementado en el pa\u00eds\u201d, pero \u201cun 75 por ciento son informales\u201d, y por lo tanto, \u201cson precarios\u201d.<\/p>\n\n\n\n<p>En tanto y en un tema m\u00e1s pol\u00edtico, el empresario Eduardo Facuss\u00e9, se\u00f1al\u00f3 que sectores del oficialismo \u201cest\u00e1n buscando crear el caos\u201d y \u201cno les interesa tener unas elecciones libres y transparentes\u201d.<\/p>\n\n\n\n<p>\u201cEste 30 de noviembre, la demostraci\u00f3n va a ser fabulosa de parte del pueblo hondure\u00f1o, que ya no quiere tener a esa gente en los c\u00edrculos de poder\u201d, dijo.<\/p>\n\n\n\n<p>Facuss\u00e9 consider\u00f3 que los hondure\u00f1os \u201cqueremos vivir en libertad, olvidarnos de esos malos augurios que vienen haciendo de otros pa\u00edses extra\u00f1os, con econom\u00edas fracasadas, que no necesariamente son lo mejor para nuestro pa\u00eds\u201d.<\/p>\n\n\n\n<p>Este mismo martes, el Consejo Hondure\u00f1o de la Empresa Privada (Cohep) emiti\u00f3 un manifiesto en v\u00edsperas de las elecciones generales del 30 de noviembre, en el que exhorta a la poblaci\u00f3n a votar masivamente y advierte que el pa\u00eds atraviesa un momento democr\u00e1tico cr\u00edtico.<\/p>\n\n\n\n<p>\u201cEl sector empresarial ha actuado de buena fe, invirtiendo, generando empleo y pagando impuestos, pero hemos presenciado decisiones que nos alejan de nuestros principales socios comerciales y nos acercan a modelos econ\u00f3micos que han fracasado\u201d, expuso a la prensa la presidenta del Cohep, Anabel Gallardo.<a href=\"https:\/\/www.hondudiario.com\/wp-content\/uploads\/2025\/01\/Gfl0KQWWsAA1qCv.jpg\"><\/a><\/p>\n","protected":false},"excerpt":{"rendered":"<p>El empresario de la Asociaci\u00f3n de Maquiladores de Honduras, Jes\u00fas Canahuati, afirm\u00f3 este martes que el principal problema del empleo en el pa\u00eds \u201ces la informalidad\u201d y reiter\u00f3, desde el sector privado, el llamado a avanzar hacia la formalizaci\u00f3n de la econom\u00eda. \u201cEl problema de Honduras es la informalidad \u2026 Cohep propone que formalicemos la [&hellip;]<\/p>\n","protected":false},"author":2,"featured_media":2211,"comment_status":"closed","ping_status":"open","sticky":false,"template":"","format":"standard","meta":{"_seopress_robots_primary_cat":"","_seopress_titles_title":"","_seopress_titles_desc":"","_seopress_robots_index":"","footnotes":""},"categories":[1],"tags":[],"class_list":["post-2210","post","type-post","status-publish","format-standard","has-post-thumbnail","hentry","category-sin-categoria"],"_links":{"self":[{"href":"https:\/\/girasolmultimedios.com\/portal\/wp-json\/wp\/v2\/posts\/2210","targetHints":{"allow":["GET"]}}],"collection":[{"href":"https:\/\/girasolmultimedios.com\/portal\/wp-json\/wp\/v2\/posts"}],"about":[{"href":"https:\/\/girasolmultimedios.com\/portal\/wp-json\/wp\/v2\/types\/post"}],"author":[{"embeddable":true,"href":"https:\/\/girasolmultimedios.com\/portal\/wp-json\/wp\/v2\/users\/2"}],"replies":[{"embeddable":true,"href":"https:\/\/girasolmultimedios.com\/portal\/wp-json\/wp\/v2\/comments?post=2210"}],"version-history":[{"count":1,"href":"https:\/\/girasolmultimedios.com\/portal\/wp-json\/wp\/v2\/posts\/2210\/revisions"}],"predecessor-version":[{"id":2212,"href":"https:\/\/girasolmultimedios.com\/portal\/wp-json\/wp\/v2\/posts\/2210\/revisions\/2212"}],"wp:featuredmedia":[{"embeddable":true,"href":"https:\/\/girasolmultimedios.com\/portal\/wp-json\/wp\/v2\/media\/2211"}],"wp:attachment":[{"href":"https:\/\/girasolmultimedios.com\/portal\/wp-json\/wp\/v2\/media?parent=2210"}],"wp:term":[{"taxonomy":"category","embeddable":true,"href":"https:\/\/girasolmultimedios.com\/portal\/wp-json\/wp\/v2\/categories?post=2210"},{"taxonomy":"post_tag","embeddable":true,"href":"https:\/\/girasolmultimedios.com\/portal\/wp-json\/wp\/v2\/tags?post=2210"}],"curies":[{"name":"wp","href":"https:\/\/api.w.org\/{rel}","templated":true}]}}