{"id":2213,"date":"2025-11-20T09:25:43","date_gmt":"2025-11-20T15:25:43","guid":{"rendered":"https:\/\/girasolmultimedios.com\/portal\/?p=2213"},"modified":"2025-11-20T09:25:44","modified_gmt":"2025-11-20T15:25:44","slug":"masacre-en-colon-acribillan-a-tres-personas-entre-ellas-una-menor-de-15-anos","status":"publish","type":"post","link":"https:\/\/girasolmultimedios.com\/portal\/masacre-en-colon-acribillan-a-tres-personas-entre-ellas-una-menor-de-15-anos\/","title":{"rendered":"Masacre en Col\u00f3n: acribillan a tres personas, entre ellas una menor de 15 a\u00f1os"},"content":{"rendered":"\n<p>Tres personas fueron asesinadas a balazos dentro de un veh\u00edculo en la aldea El Carb\u00f3n, departamento de Col\u00f3n, la noche del jueves 19 de noviembre.<\/p>\n\n\n\n<p>Seg\u00fan el informe preliminar, las v\u00edctimas fueron identificadas como Antoni Alfredo G\u00e1lvez, de 22 a\u00f1os, originario de Col\u00f3n; Bella Dayaris Flores, de 15 a\u00f1os, residente en Rivera Hern\u00e1ndez; y Luis Fernando Arita, de 19 a\u00f1os, oriundo de Atl\u00e1ntida.<\/p>\n\n\n\n<p>De acuerdo con las primeras versiones, los tres j\u00f3venes habr\u00edan sido atacados por hombres armados. Hasta ahora, las autoridades no han brindado mayores detalles sobre el m\u00faltiple homicidio, aunque confirmaron que los cuerpos fueron trasladados a Medicina Forense para la autopsia correspondiente.<\/p>\n\n\n\n<p>Este hecho se suma a la creciente ola de violencia en el pa\u00eds y constituye la masacre n\u00famero 21 registrada en lo que va del a\u00f1o. Apenas el pasado 10 de noviembre, cuatro personas fueron ejecutadas dentro de un gimnasio en Moraz\u00e1n, Yoro.<\/p>\n","protected":false},"excerpt":{"rendered":"<p>Tres personas fueron asesinadas a balazos dentro de un veh\u00edculo en la aldea El Carb\u00f3n, departamento de Col\u00f3n, la noche del jueves 19 de noviembre. Seg\u00fan el informe preliminar, las v\u00edctimas fueron identificadas como Antoni Alfredo G\u00e1lvez, de 22 a\u00f1os, originario de Col\u00f3n; Bella Dayaris Flores, de 15 a\u00f1os, residente en Rivera Hern\u00e1ndez; y Luis [&hellip;]<\/p>\n","protected":false},"author":2,"featured_media":2214,"comment_status":"closed","ping_status":"open","sticky":false,"template":"","format":"standard","meta":{"_seopress_robots_primary_cat":"","_seopress_titles_title":"","_seopress_titles_desc":"","_seopress_robots_index":"","footnotes":""},"categories":[23],"tags":[25,214],"class_list":["post-2213","post","type-post","status-publish","format-standard","has-post-thumbnail","hentry","category-nacionales","tag-honduras","tag-sucesos"],"_links":{"self":[{"href":"https:\/\/girasolmultimedios.com\/portal\/wp-json\/wp\/v2\/posts\/2213","targetHints":{"allow":["GET"]}}],"collection":[{"href":"https:\/\/girasolmultimedios.com\/portal\/wp-json\/wp\/v2\/posts"}],"about":[{"href":"https:\/\/girasolmultimedios.com\/portal\/wp-json\/wp\/v2\/types\/post"}],"author":[{"embeddable":true,"href":"https:\/\/girasolmultimedios.com\/portal\/wp-json\/wp\/v2\/users\/2"}],"replies":[{"embeddable":true,"href":"https:\/\/girasolmultimedios.com\/portal\/wp-json\/wp\/v2\/comments?post=2213"}],"version-history":[{"count":1,"href":"https:\/\/girasolmultimedios.com\/portal\/wp-json\/wp\/v2\/posts\/2213\/revisions"}],"predecessor-version":[{"id":2215,"href":"https:\/\/girasolmultimedios.com\/portal\/wp-json\/wp\/v2\/posts\/2213\/revisions\/2215"}],"wp:featuredmedia":[{"embeddable":true,"href":"https:\/\/girasolmultimedios.com\/portal\/wp-json\/wp\/v2\/media\/2214"}],"wp:attachment":[{"href":"https:\/\/girasolmultimedios.com\/portal\/wp-json\/wp\/v2\/media?parent=2213"}],"wp:term":[{"taxonomy":"category","embeddable":true,"href":"https:\/\/girasolmultimedios.com\/portal\/wp-json\/wp\/v2\/categories?post=2213"},{"taxonomy":"post_tag","embeddable":true,"href":"https:\/\/girasolmultimedios.com\/portal\/wp-json\/wp\/v2\/tags?post=2213"}],"curies":[{"name":"wp","href":"https:\/\/api.w.org\/{rel}","templated":true}]}}