{"id":2216,"date":"2025-11-20T09:43:53","date_gmt":"2025-11-20T15:43:53","guid":{"rendered":"https:\/\/girasolmultimedios.com\/portal\/?p=2216"},"modified":"2025-11-20T09:43:53","modified_gmt":"2025-11-20T15:43:53","slug":"el-mp-desarticula-otra-red-de-ciber-estafadores","status":"publish","type":"post","link":"https:\/\/girasolmultimedios.com\/portal\/el-mp-desarticula-otra-red-de-ciber-estafadores\/","title":{"rendered":"El MP desarticula otra red de ciber estafadores"},"content":{"rendered":"\n<p>El Ministerio P\u00fablico a trav\u00e9s de la Fiscal\u00eda Especial de Propiedad Intelectual y Seguridad Inform\u00e1tica (FEPROSI) y la Agencia T\u00e9cnica de Investigaci\u00f3n Criminal (ATIC) ejecutan cuatro allanamientos de morada y capturas contra una red involucrada en delitos cibern\u00e9ticos y que a ra\u00edz de ello sustrajeron diferentes sumas de dinero de cuentas bancarias de usuarios de una cooperativa.<\/p>\n\n\n\n<p>Conforme a las diligencias investigativas de la ATIC entre noviembre y diciembre de 2023, se detect\u00f3 por parte de la cooperativa la realizaron de varias trasferencias ACH en l\u00ednea de cuentas bancarias de clientes, sin la debida autorizaci\u00f3n y que estos fondos fueron recibidos en otras instituciones financieras cuyas cuentas est\u00e1n a nombre de terceras personas.<\/p>\n\n\n\n<p>De acuerdo a la din\u00e1mica de los hechos los responsables de estos delitos son miembros de una c\u00e9lula criminal que a trav\u00e9s de las tecnolog\u00edas de la informaci\u00f3n y la comunicaci\u00f3n est\u00e1n asociados para acceder sin autorizaci\u00f3n a sistemas inform\u00e1ticos y drenar fondos de cuentas bancarias, adem\u00e1s de suplantar identidades para defraudar a las v\u00edctimas.<\/p>\n\n\n\n<p>Es por ello que las personas capturadas est\u00e1n siendo acusadas por receptaci\u00f3n del delito de estafa y asociaci\u00f3n para delinquir y una vez habidos ser\u00e1n remitidos hasta Tegucigalpa, para ser presentados en el juzgado en materia de criminalidad organizada, medio ambiente y corrupci\u00f3n.<\/p>\n\n\n\n<p>Estas acciones ejecutadas por la FEPROSI y al ATIC est\u00e1n enmarcadas en el D\u00eda Internacional de la Seguridad Inform\u00e1tica, que busca proteger los datos digitales, y a su vez en el caso del Ministerio P\u00fablico la aplicaci\u00f3n de la ley en estos casos.<\/p>\n","protected":false},"excerpt":{"rendered":"<p>El Ministerio P\u00fablico a trav\u00e9s de la Fiscal\u00eda Especial de Propiedad Intelectual y Seguridad Inform\u00e1tica (FEPROSI) y la Agencia T\u00e9cnica de Investigaci\u00f3n Criminal (ATIC) ejecutan cuatro allanamientos de morada y capturas contra una red involucrada en delitos cibern\u00e9ticos y que a ra\u00edz de ello sustrajeron diferentes sumas de dinero de cuentas bancarias de usuarios de [&hellip;]<\/p>\n","protected":false},"author":2,"featured_media":2217,"comment_status":"closed","ping_status":"open","sticky":false,"template":"","format":"standard","meta":{"_seopress_robots_primary_cat":"","_seopress_titles_title":"","_seopress_titles_desc":"","_seopress_robots_index":"","footnotes":""},"categories":[1],"tags":[],"class_list":["post-2216","post","type-post","status-publish","format-standard","has-post-thumbnail","hentry","category-sin-categoria"],"_links":{"self":[{"href":"https:\/\/girasolmultimedios.com\/portal\/wp-json\/wp\/v2\/posts\/2216","targetHints":{"allow":["GET"]}}],"collection":[{"href":"https:\/\/girasolmultimedios.com\/portal\/wp-json\/wp\/v2\/posts"}],"about":[{"href":"https:\/\/girasolmultimedios.com\/portal\/wp-json\/wp\/v2\/types\/post"}],"author":[{"embeddable":true,"href":"https:\/\/girasolmultimedios.com\/portal\/wp-json\/wp\/v2\/users\/2"}],"replies":[{"embeddable":true,"href":"https:\/\/girasolmultimedios.com\/portal\/wp-json\/wp\/v2\/comments?post=2216"}],"version-history":[{"count":1,"href":"https:\/\/girasolmultimedios.com\/portal\/wp-json\/wp\/v2\/posts\/2216\/revisions"}],"predecessor-version":[{"id":2218,"href":"https:\/\/girasolmultimedios.com\/portal\/wp-json\/wp\/v2\/posts\/2216\/revisions\/2218"}],"wp:featuredmedia":[{"embeddable":true,"href":"https:\/\/girasolmultimedios.com\/portal\/wp-json\/wp\/v2\/media\/2217"}],"wp:attachment":[{"href":"https:\/\/girasolmultimedios.com\/portal\/wp-json\/wp\/v2\/media?parent=2216"}],"wp:term":[{"taxonomy":"category","embeddable":true,"href":"https:\/\/girasolmultimedios.com\/portal\/wp-json\/wp\/v2\/categories?post=2216"},{"taxonomy":"post_tag","embeddable":true,"href":"https:\/\/girasolmultimedios.com\/portal\/wp-json\/wp\/v2\/tags?post=2216"}],"curies":[{"name":"wp","href":"https:\/\/api.w.org\/{rel}","templated":true}]}}