{"id":2219,"date":"2025-11-20T09:48:05","date_gmt":"2025-11-20T15:48:05","guid":{"rendered":"https:\/\/girasolmultimedios.com\/portal\/?p=2219"},"modified":"2025-11-20T09:48:06","modified_gmt":"2025-11-20T15:48:06","slug":"mp-senala-que-peritaje-por-supuestos-audios-no-vincula-su-investigacion","status":"publish","type":"post","link":"https:\/\/girasolmultimedios.com\/portal\/mp-senala-que-peritaje-por-supuestos-audios-no-vincula-su-investigacion\/","title":{"rendered":"MP se\u00f1ala que peritaje por supuestos audios no vincula su investigaci\u00f3n"},"content":{"rendered":"\n<p>El\u00a0Ministerio P\u00fablico (MP)\u00a0inform\u00f3 este jueves mediante un comunicado que el peritaje de supuestos audios por conspiraci\u00f3n electoral no vincula su investigaci\u00f3n.<\/p>\n\n\n\n<p>De hecho, el MP aclar\u00f3 que solo sus peritajes oficiales tienen validez legal.<\/p>\n\n\n\n<p>Asimismo, indicaron que la m\u00e1xima autoridad del Ministerio P\u00fablico expuso la \u201cnoticia criminis\u201d, porque hay certeza sobre la autenticidad de los archivos divulgados.<\/p>\n\n\n\n<p>En estos audios, se se\u00f1ala la supuesta participaci\u00f3n de la consejera del Consejo Nacional Electoral (CNE), Cossette L\u00f3pez y el jefe de bancada del Partido Nacional, Tom\u00e1s Zambrano.<\/p>\n\n\n\n<p>\u201cEl Ministerio P\u00fablico cuenta con sus propios peritos, medios y colaboradores oficiales, tanto nacionales como de pa\u00edses amigos, mediante fiscal\u00edas hom\u00f3logas con las que se coordina asistencia jur\u00eddica internacional cuando as\u00ed se requiere\u201d, dice un punto del comunicado.<\/p>\n\n\n\n<p>Por \u00faltimo, el MP destac\u00f3 que no retroceder\u00e1 en la lucha contra la corrupci\u00f3n sin importar colores pol\u00edticos.<\/p>\n\n\n\n<p><\/p>\n","protected":false},"excerpt":{"rendered":"<p>El\u00a0Ministerio P\u00fablico (MP)\u00a0inform\u00f3 este jueves mediante un comunicado que el peritaje de supuestos audios por conspiraci\u00f3n electoral no vincula su investigaci\u00f3n. De hecho, el MP aclar\u00f3 que solo sus peritajes oficiales tienen validez legal. Asimismo, indicaron que la m\u00e1xima autoridad del Ministerio P\u00fablico expuso la \u201cnoticia criminis\u201d, porque hay certeza sobre la autenticidad de los [&hellip;]<\/p>\n","protected":false},"author":2,"featured_media":2220,"comment_status":"closed","ping_status":"open","sticky":false,"template":"","format":"standard","meta":{"_seopress_robots_primary_cat":"","_seopress_titles_title":"","_seopress_titles_desc":"","_seopress_robots_index":"","footnotes":""},"categories":[1],"tags":[],"class_list":["post-2219","post","type-post","status-publish","format-standard","has-post-thumbnail","hentry","category-sin-categoria"],"_links":{"self":[{"href":"https:\/\/girasolmultimedios.com\/portal\/wp-json\/wp\/v2\/posts\/2219","targetHints":{"allow":["GET"]}}],"collection":[{"href":"https:\/\/girasolmultimedios.com\/portal\/wp-json\/wp\/v2\/posts"}],"about":[{"href":"https:\/\/girasolmultimedios.com\/portal\/wp-json\/wp\/v2\/types\/post"}],"author":[{"embeddable":true,"href":"https:\/\/girasolmultimedios.com\/portal\/wp-json\/wp\/v2\/users\/2"}],"replies":[{"embeddable":true,"href":"https:\/\/girasolmultimedios.com\/portal\/wp-json\/wp\/v2\/comments?post=2219"}],"version-history":[{"count":1,"href":"https:\/\/girasolmultimedios.com\/portal\/wp-json\/wp\/v2\/posts\/2219\/revisions"}],"predecessor-version":[{"id":2221,"href":"https:\/\/girasolmultimedios.com\/portal\/wp-json\/wp\/v2\/posts\/2219\/revisions\/2221"}],"wp:featuredmedia":[{"embeddable":true,"href":"https:\/\/girasolmultimedios.com\/portal\/wp-json\/wp\/v2\/media\/2220"}],"wp:attachment":[{"href":"https:\/\/girasolmultimedios.com\/portal\/wp-json\/wp\/v2\/media?parent=2219"}],"wp:term":[{"taxonomy":"category","embeddable":true,"href":"https:\/\/girasolmultimedios.com\/portal\/wp-json\/wp\/v2\/categories?post=2219"},{"taxonomy":"post_tag","embeddable":true,"href":"https:\/\/girasolmultimedios.com\/portal\/wp-json\/wp\/v2\/tags?post=2219"}],"curies":[{"name":"wp","href":"https:\/\/api.w.org\/{rel}","templated":true}]}}