{"id":2223,"date":"2025-11-20T09:50:50","date_gmt":"2025-11-20T15:50:50","guid":{"rendered":"https:\/\/girasolmultimedios.com\/portal\/?p=2223"},"modified":"2025-11-20T09:50:51","modified_gmt":"2025-11-20T15:50:51","slug":"mas-de-2500-ninos-han-sido-victimas-de-violencia-en-2025","status":"publish","type":"post","link":"https:\/\/girasolmultimedios.com\/portal\/mas-de-2500-ninos-han-sido-victimas-de-violencia-en-2025\/","title":{"rendered":"M\u00e1s de 2,500 ni\u00f1os han sido v\u00edctimas de violencia en 2025"},"content":{"rendered":"\n<p>M\u00e1s de 2,500 denuncias de violencia contra menores de edad ha recibido en lo que va del 2025, la Secretar\u00eda de la Ni\u00f1ez, Adolescencia y Familia (Senaf).<\/p>\n\n\n\n<p>La titular de la Senaf, Lizeth Coello, explic\u00f3 que la instituci\u00f3n act\u00faa de manera inmediata ante cada vulneraci\u00f3n contra los menores, \u201cnuestra responsabilidad es frente toda vulneraci\u00f3n, emitir, actuar con medidas de protecci\u00f3n\u201d.<\/p>\n\n\n\n<p>\u201cNuestros registros muestran m\u00e1s de 2,500 denuncias en todo el territorio, de ni\u00f1os y ni\u00f1as exactamente que han sido v\u00edctimas de alg\u00fan tipo de violencia\u201d, indic\u00f3.<\/p>\n\n\n\n<p>La funcionaria enfatiz\u00f3 que en la Senaf se act\u00faa de manera inmediata y de forma articulada, con un sistema interinstitucional de protecci\u00f3n para la atenci\u00f3n inmediata de los menores.<\/p>\n\n\n\n<h3 class=\"wp-block-heading\">SITUACI\u00d3N ES GRAVE<\/h3>\n\n\n\n<p>Adem\u00e1s, indic\u00f3 que la situaci\u00f3n es \u201cgrave\u201d y record\u00f3 que la instituci\u00f3n sostiene un llamado a las familias como primer espacio de resguardo, ya que muchas de las agresiones se producen en el entorno cercano de los menores.<\/p>\n\n\n\n<p>Las respuestas inmediatas incluyen medidas de protecci\u00f3n, trabajo conjunto con el Ministerio P\u00fablico (MP), Polic\u00eda Nacional y Secretar\u00eda de Salud (Sesal), bajo un esquema interinstitucional de garant\u00edas.<\/p>\n\n\n\n<p>Uno de los m\u00e1s recientes casos de violencia contra menores es el de Yanira Lizette Banegas Gonz\u00e1lez, a quien incluso en redes sociales se le lleg\u00f3 a conocer como la \u201cmadre del martillo\u201d, por su forma de \u201ceducar\u201d a golpes, con un pesado fierro, a su hija de 11 a\u00f1os.<\/p>\n\n\n\n<p>Banegas fue remitida a la secretar\u00eda del Juzgado de Letras Seccional de la Secci\u00f3n Judicial de El Progreso, por agentes de la Direcci\u00f3n Policial de Investigaciones (DPI) y actualmente es procesada judicialmente.<\/p>\n","protected":false},"excerpt":{"rendered":"<p>M\u00e1s de 2,500 denuncias de violencia contra menores de edad ha recibido en lo que va del 2025, la Secretar\u00eda de la Ni\u00f1ez, Adolescencia y Familia (Senaf). La titular de la Senaf, Lizeth Coello, explic\u00f3 que la instituci\u00f3n act\u00faa de manera inmediata ante cada vulneraci\u00f3n contra los menores, \u201cnuestra responsabilidad es frente toda vulneraci\u00f3n, emitir, [&hellip;]<\/p>\n","protected":false},"author":2,"featured_media":2224,"comment_status":"closed","ping_status":"open","sticky":false,"template":"","format":"standard","meta":{"_seopress_robots_primary_cat":"","_seopress_titles_title":"","_seopress_titles_desc":"","_seopress_robots_index":"","footnotes":""},"categories":[1],"tags":[],"class_list":["post-2223","post","type-post","status-publish","format-standard","has-post-thumbnail","hentry","category-sin-categoria"],"_links":{"self":[{"href":"https:\/\/girasolmultimedios.com\/portal\/wp-json\/wp\/v2\/posts\/2223","targetHints":{"allow":["GET"]}}],"collection":[{"href":"https:\/\/girasolmultimedios.com\/portal\/wp-json\/wp\/v2\/posts"}],"about":[{"href":"https:\/\/girasolmultimedios.com\/portal\/wp-json\/wp\/v2\/types\/post"}],"author":[{"embeddable":true,"href":"https:\/\/girasolmultimedios.com\/portal\/wp-json\/wp\/v2\/users\/2"}],"replies":[{"embeddable":true,"href":"https:\/\/girasolmultimedios.com\/portal\/wp-json\/wp\/v2\/comments?post=2223"}],"version-history":[{"count":1,"href":"https:\/\/girasolmultimedios.com\/portal\/wp-json\/wp\/v2\/posts\/2223\/revisions"}],"predecessor-version":[{"id":2225,"href":"https:\/\/girasolmultimedios.com\/portal\/wp-json\/wp\/v2\/posts\/2223\/revisions\/2225"}],"wp:featuredmedia":[{"embeddable":true,"href":"https:\/\/girasolmultimedios.com\/portal\/wp-json\/wp\/v2\/media\/2224"}],"wp:attachment":[{"href":"https:\/\/girasolmultimedios.com\/portal\/wp-json\/wp\/v2\/media?parent=2223"}],"wp:term":[{"taxonomy":"category","embeddable":true,"href":"https:\/\/girasolmultimedios.com\/portal\/wp-json\/wp\/v2\/categories?post=2223"},{"taxonomy":"post_tag","embeddable":true,"href":"https:\/\/girasolmultimedios.com\/portal\/wp-json\/wp\/v2\/tags?post=2223"}],"curies":[{"name":"wp","href":"https:\/\/api.w.org\/{rel}","templated":true}]}}