{"id":2226,"date":"2025-11-20T09:52:52","date_gmt":"2025-11-20T15:52:52","guid":{"rendered":"https:\/\/girasolmultimedios.com\/portal\/?p=2226"},"modified":"2025-11-20T09:52:53","modified_gmt":"2025-11-20T15:52:53","slug":"lagrimas-impotencia-dolor-en-sepelio-de-heroe-policial","status":"publish","type":"post","link":"https:\/\/girasolmultimedios.com\/portal\/lagrimas-impotencia-dolor-en-sepelio-de-heroe-policial\/","title":{"rendered":"L\u00e1grimas, impotencia, dolor en sepelio de h\u00e9roe policial"},"content":{"rendered":"\n<p>L\u00e1grimas, impotencia, dolor, fue la reacci\u00f3n de los padres del oficial Joel Esteban Vargas Ord\u00f3\u00f1ez, quien falleci\u00f3 el martes anterior en Chamelec\u00f3n al enfrentarse con miembros de grupos criminales, de los cuales ya hay siete detenidos.<\/p>\n\n\n\n<p>Vargas Ord\u00f3\u00f1ez con ascenso p\u00f3stumo de comisario de polic\u00eda, deja a un ni\u00f1o de corta edad, a su compa\u00f1era de hogar, a sus padres y hermanos, ser\u00e1 sepultado este d\u00eda en el cementerio jardines de paz \u201cSan Miguel Arc\u00e1ngel\u201d de la ciudad de Choluteca.<\/p>\n\n\n\n<p>El jefe regional de la instituci\u00f3n policial, subcomisionado Luis Bustamante, dijo que la Polic\u00eda Nacional (PN), est\u00e1 de luto con la muerte violenta de dos oficiales ejemplares, Joel Esteban Vargas Ord\u00f3\u00f1ez y Fredy Adri\u00e1n Contreras Zelaya.<\/p>\n\n\n\n<p>\u201cMurieron en el cumplimiento del deber. Como instituci\u00f3n estamos brindado el honor a ambos oficiales. Estamos consternados al igual a la familia de Vargas Ord\u00f3\u00f1ez. No vamos a claudicar en esta noble funci\u00f3n de llevar paz y seguridad a la poblaci\u00f3n\u201d, asegur\u00f3.<\/p>\n\n\n\n<p>Asimismo, dijo que seguir\u00e1n haciendo como instituci\u00f3n, el mejor de los trabajos y luchar contra la criminalidad sin dar tregua, ya que es un trabajo noble por cada miembro de la Polic\u00eda Nacional y que los \u00edndices de inseguridad van disminuyendo.<\/p>\n\n\n\n<p>El uniformado catalog\u00f3 a los dos oficiales muertos como h\u00e9roes nacionales que dieron la vida para llevar paz y tranquilidad en la poblaci\u00f3n hondure\u00f1a.<\/p>\n","protected":false},"excerpt":{"rendered":"<p>L\u00e1grimas, impotencia, dolor, fue la reacci\u00f3n de los padres del oficial Joel Esteban Vargas Ord\u00f3\u00f1ez, quien falleci\u00f3 el martes anterior en Chamelec\u00f3n al enfrentarse con miembros de grupos criminales, de los cuales ya hay siete detenidos. Vargas Ord\u00f3\u00f1ez con ascenso p\u00f3stumo de comisario de polic\u00eda, deja a un ni\u00f1o de corta edad, a su compa\u00f1era [&hellip;]<\/p>\n","protected":false},"author":2,"featured_media":2227,"comment_status":"closed","ping_status":"open","sticky":false,"template":"","format":"standard","meta":{"_seopress_robots_primary_cat":"","_seopress_titles_title":"","_seopress_titles_desc":"","_seopress_robots_index":"","footnotes":""},"categories":[1],"tags":[],"class_list":["post-2226","post","type-post","status-publish","format-standard","has-post-thumbnail","hentry","category-sin-categoria"],"_links":{"self":[{"href":"https:\/\/girasolmultimedios.com\/portal\/wp-json\/wp\/v2\/posts\/2226","targetHints":{"allow":["GET"]}}],"collection":[{"href":"https:\/\/girasolmultimedios.com\/portal\/wp-json\/wp\/v2\/posts"}],"about":[{"href":"https:\/\/girasolmultimedios.com\/portal\/wp-json\/wp\/v2\/types\/post"}],"author":[{"embeddable":true,"href":"https:\/\/girasolmultimedios.com\/portal\/wp-json\/wp\/v2\/users\/2"}],"replies":[{"embeddable":true,"href":"https:\/\/girasolmultimedios.com\/portal\/wp-json\/wp\/v2\/comments?post=2226"}],"version-history":[{"count":1,"href":"https:\/\/girasolmultimedios.com\/portal\/wp-json\/wp\/v2\/posts\/2226\/revisions"}],"predecessor-version":[{"id":2228,"href":"https:\/\/girasolmultimedios.com\/portal\/wp-json\/wp\/v2\/posts\/2226\/revisions\/2228"}],"wp:featuredmedia":[{"embeddable":true,"href":"https:\/\/girasolmultimedios.com\/portal\/wp-json\/wp\/v2\/media\/2227"}],"wp:attachment":[{"href":"https:\/\/girasolmultimedios.com\/portal\/wp-json\/wp\/v2\/media?parent=2226"}],"wp:term":[{"taxonomy":"category","embeddable":true,"href":"https:\/\/girasolmultimedios.com\/portal\/wp-json\/wp\/v2\/categories?post=2226"},{"taxonomy":"post_tag","embeddable":true,"href":"https:\/\/girasolmultimedios.com\/portal\/wp-json\/wp\/v2\/tags?post=2226"}],"curies":[{"name":"wp","href":"https:\/\/api.w.org\/{rel}","templated":true}]}}