{"id":2242,"date":"2025-11-20T10:27:17","date_gmt":"2025-11-20T16:27:17","guid":{"rendered":"https:\/\/girasolmultimedios.com\/portal\/?p=2242"},"modified":"2025-11-20T10:27:17","modified_gmt":"2025-11-20T16:27:17","slug":"iglesia-catolica-inicia-jornada-de-12-horas-de-oracion-por-honduras","status":"publish","type":"post","link":"https:\/\/girasolmultimedios.com\/portal\/iglesia-catolica-inicia-jornada-de-12-horas-de-oracion-por-honduras\/","title":{"rendered":"Iglesia Cat\u00f3lica inicia jornada de 12 horas de oraci\u00f3n por Honduras"},"content":{"rendered":"\n<p>La Iglesia Cat\u00f3lica emiti\u00f3 un comunicado en el cual indic\u00f3 que han iniciado una jornada de 12 horas de oraci\u00f3n por Honduras que vive uno de los momentos claves en este proceso electoral y que est\u00e1 a diez d\u00edas de ir a comicios generales.<\/p>\n\n\n\n<p>Los religiosos indicaron que este pa\u00eds lo que necesita es esperanza en un pueblo cansado de tanta impunidad, corrupci\u00f3n y pobreza, esto solamente se gana en una oraci\u00f3n desde el coraz\u00f3n con Jes\u00fas.<\/p>\n\n\n\n<p>\u201cCon profunda confianza en la bondad divina y el poder de la oraci\u00f3n, convocamos a los fieles cat\u00f3licos a unirnos en un tiempo de adoraci\u00f3n a Jes\u00fas Sacramentado pidiendo por Honduras\u201d, indicaban en su comunicado.<\/p>\n\n\n\n<p>Adem\u00e1s, este jueves y el pr\u00f3ximo 27 de noviembre en una jornada de 8:00 de la ma\u00f1ana a 8:00 de la noche en todas las parroquias, capillas y comunidades religiosas se van a elevar al un\u00edsono una suplica \u201cal Se\u00f1or\u201d para poner en manos de Dios el desarrollo de las elecciones.<\/p>\n\n\n\n<p>\u201cAnhelamos que la jornada electoral sea una verdadera fiesta patri\u00f3tica en la que cada hondure\u00f1o pueda expresar su voluntad con responsabilidad, esperanza y alegr\u00eda\u201d, cerraron.<\/p>\n\n\n\n<p>Los hondure\u00f1os van afrontar un d\u00eda clave en la historia de Honduras, por lo que m\u00faltiples sectores han motivado a todos a ir a votar masivamente para defender la democracia del pa\u00eds.<a href=\"https:\/\/www.hondudiario.com\/wp-content\/uploads\/2025\/01\/GZOBX5YWsAAKwJ1.avif\"><\/a><\/p>\n","protected":false},"excerpt":{"rendered":"<p>La Iglesia Cat\u00f3lica emiti\u00f3 un comunicado en el cual indic\u00f3 que han iniciado una jornada de 12 horas de oraci\u00f3n por Honduras que vive uno de los momentos claves en este proceso electoral y que est\u00e1 a diez d\u00edas de ir a comicios generales. Los religiosos indicaron que este pa\u00eds lo que necesita es esperanza [&hellip;]<\/p>\n","protected":false},"author":2,"featured_media":2243,"comment_status":"closed","ping_status":"open","sticky":false,"template":"","format":"standard","meta":{"_seopress_robots_primary_cat":"","_seopress_titles_title":"","_seopress_titles_desc":"","_seopress_robots_index":"","footnotes":""},"categories":[1],"tags":[],"class_list":["post-2242","post","type-post","status-publish","format-standard","has-post-thumbnail","hentry","category-sin-categoria"],"_links":{"self":[{"href":"https:\/\/girasolmultimedios.com\/portal\/wp-json\/wp\/v2\/posts\/2242","targetHints":{"allow":["GET"]}}],"collection":[{"href":"https:\/\/girasolmultimedios.com\/portal\/wp-json\/wp\/v2\/posts"}],"about":[{"href":"https:\/\/girasolmultimedios.com\/portal\/wp-json\/wp\/v2\/types\/post"}],"author":[{"embeddable":true,"href":"https:\/\/girasolmultimedios.com\/portal\/wp-json\/wp\/v2\/users\/2"}],"replies":[{"embeddable":true,"href":"https:\/\/girasolmultimedios.com\/portal\/wp-json\/wp\/v2\/comments?post=2242"}],"version-history":[{"count":1,"href":"https:\/\/girasolmultimedios.com\/portal\/wp-json\/wp\/v2\/posts\/2242\/revisions"}],"predecessor-version":[{"id":2244,"href":"https:\/\/girasolmultimedios.com\/portal\/wp-json\/wp\/v2\/posts\/2242\/revisions\/2244"}],"wp:featuredmedia":[{"embeddable":true,"href":"https:\/\/girasolmultimedios.com\/portal\/wp-json\/wp\/v2\/media\/2243"}],"wp:attachment":[{"href":"https:\/\/girasolmultimedios.com\/portal\/wp-json\/wp\/v2\/media?parent=2242"}],"wp:term":[{"taxonomy":"category","embeddable":true,"href":"https:\/\/girasolmultimedios.com\/portal\/wp-json\/wp\/v2\/categories?post=2242"},{"taxonomy":"post_tag","embeddable":true,"href":"https:\/\/girasolmultimedios.com\/portal\/wp-json\/wp\/v2\/tags?post=2242"}],"curies":[{"name":"wp","href":"https:\/\/api.w.org\/{rel}","templated":true}]}}