{"id":2245,"date":"2025-11-20T10:40:38","date_gmt":"2025-11-20T16:40:38","guid":{"rendered":"https:\/\/girasolmultimedios.com\/portal\/?p=2245"},"modified":"2025-11-20T10:40:39","modified_gmt":"2025-11-20T16:40:39","slug":"cuestionan-cifras-del-ine-empleo-informal-y-subempleo-mantienen-alta-pobreza-en-honduras","status":"publish","type":"post","link":"https:\/\/girasolmultimedios.com\/portal\/cuestionan-cifras-del-ine-empleo-informal-y-subempleo-mantienen-alta-pobreza-en-honduras\/","title":{"rendered":"Cuestionan cifras del INE, empleo informal y subempleo mantienen alta pobreza en Honduras"},"content":{"rendered":"\n<p>El oficial de Pol\u00edtica Econ\u00f3mica del Consejo Hondure\u00f1o de la Empresa Privada (Cohep),&nbsp;Alejandro&nbsp;Kaffati cuestion\u00f3 las recientes estad\u00edsticas del Instituto Nacional de Estad\u00edstica (INE), en donde enfatiz\u00f3 que el empleo informal y el subempleo mantienen la alta pobreza en Honduras.<\/p>\n\n\n\n<p>\u201cPrimero nosotros estamos haciendo una revisi\u00f3n de la informaci\u00f3n que public\u00f3 ayer el Instituto Nacional de Estad\u00edstica, vamos pertinentemente a dar una opini\u00f3n formal y oficial desde el Consejo Hondure\u00f1o de la empresa privada, tanto de la pobreza como del mercado laboral, nosotros publicamos recurrentemente un bolet\u00edn de mercado laboral donde expresamos nuestras opiniones al respecto\u201d, comenz\u00f3 diciendo Alejandro Kaffati.<\/p>\n\n\n\n<p>En ese sentido, el economista cuestion\u00f3 sobre qu\u00e9 es a lo que por parte del Gobierno se refieren a empleo formal, \u201cun empleo debe ser un empleo formal que le permita un salario m\u00ednimo a las personas, que le permita vacaciones, derecho a la seguridad social, si estamos fomentando a\u00fan m\u00e1s desde el Gobierno, desde el poder, el tema de la informalidad, no estamos generando empleos como pa\u00eds, m\u00e1s bien estamos fomentando un c\u00edrculo vicioso de pobreza y desigualdad\u201d.<\/p>\n\n\n\n<p>El experto recalc\u00f3 que no quieren entrar en una discusi\u00f3n si el dato correcto es del 60, 50 o 70 por ciento, lo que est\u00e1n tratando de expresar es que a lo largo del a\u00f1o no se ha sido capaz de reducir la poblaci\u00f3n en condiciones de pobreza a lo que se ten\u00eda antes de la pandemia del Covid-19.<\/p>\n\n\n\n<p>\u201cNo somos capaces de atraer inversiones que generen empleo digno, de calidad, y desde el sector privado nosotros siempre hemos manifestado que la \u00fanica forma de reducir la pobreza es en su igualdad a trav\u00e9s del empleo formal en el pa\u00eds, y si no somos capaces de generar empleo formal, no puede haber una reducci\u00f3n real de la pobreza en ning\u00fan pa\u00eds del mundo\u201d, sostuvo Kaffati.<\/p>\n\n\n\n<p>Finalmente, el economista refiri\u00f3 que son 7 de cada 10 trabajadores en Honduras que est\u00e1n trabajando en la informalidad o en el subempleo, \u201cah\u00ed deber\u00edan de estar enfocadas las personas las pol\u00edticas de generaci\u00f3n de empleo en el pa\u00eds, las pol\u00edticas de reducci\u00f3n de la pobreza, las pol\u00edticas de reducci\u00f3n de desigualdad de parte del Gobierno y de la administraci\u00f3n central, y no hemos podido poderla reducir porque no hemos tenido una estrategia verdadera y coherente para poder reducir la informalidad en el pa\u00eds\u201d.<\/p>\n\n\n\n<p><a href=\"https:\/\/www.hondudiario.com\/wp-content\/uploads\/2025\/11\/Pobreza.avif\"><\/a><\/p>\n","protected":false},"excerpt":{"rendered":"<p>El oficial de Pol\u00edtica Econ\u00f3mica del Consejo Hondure\u00f1o de la Empresa Privada (Cohep),&nbsp;Alejandro&nbsp;Kaffati cuestion\u00f3 las recientes estad\u00edsticas del Instituto Nacional de Estad\u00edstica (INE), en donde enfatiz\u00f3 que el empleo informal y el subempleo mantienen la alta pobreza en Honduras. \u201cPrimero nosotros estamos haciendo una revisi\u00f3n de la informaci\u00f3n que public\u00f3 ayer el Instituto Nacional de [&hellip;]<\/p>\n","protected":false},"author":2,"featured_media":2246,"comment_status":"closed","ping_status":"open","sticky":false,"template":"","format":"standard","meta":{"_seopress_robots_primary_cat":"","_seopress_titles_title":"","_seopress_titles_desc":"","_seopress_robots_index":"","footnotes":""},"categories":[1],"tags":[],"class_list":["post-2245","post","type-post","status-publish","format-standard","has-post-thumbnail","hentry","category-sin-categoria"],"_links":{"self":[{"href":"https:\/\/girasolmultimedios.com\/portal\/wp-json\/wp\/v2\/posts\/2245","targetHints":{"allow":["GET"]}}],"collection":[{"href":"https:\/\/girasolmultimedios.com\/portal\/wp-json\/wp\/v2\/posts"}],"about":[{"href":"https:\/\/girasolmultimedios.com\/portal\/wp-json\/wp\/v2\/types\/post"}],"author":[{"embeddable":true,"href":"https:\/\/girasolmultimedios.com\/portal\/wp-json\/wp\/v2\/users\/2"}],"replies":[{"embeddable":true,"href":"https:\/\/girasolmultimedios.com\/portal\/wp-json\/wp\/v2\/comments?post=2245"}],"version-history":[{"count":1,"href":"https:\/\/girasolmultimedios.com\/portal\/wp-json\/wp\/v2\/posts\/2245\/revisions"}],"predecessor-version":[{"id":2247,"href":"https:\/\/girasolmultimedios.com\/portal\/wp-json\/wp\/v2\/posts\/2245\/revisions\/2247"}],"wp:featuredmedia":[{"embeddable":true,"href":"https:\/\/girasolmultimedios.com\/portal\/wp-json\/wp\/v2\/media\/2246"}],"wp:attachment":[{"href":"https:\/\/girasolmultimedios.com\/portal\/wp-json\/wp\/v2\/media?parent=2245"}],"wp:term":[{"taxonomy":"category","embeddable":true,"href":"https:\/\/girasolmultimedios.com\/portal\/wp-json\/wp\/v2\/categories?post=2245"},{"taxonomy":"post_tag","embeddable":true,"href":"https:\/\/girasolmultimedios.com\/portal\/wp-json\/wp\/v2\/tags?post=2245"}],"curies":[{"name":"wp","href":"https:\/\/api.w.org\/{rel}","templated":true}]}}