{"id":2251,"date":"2025-11-20T10:58:55","date_gmt":"2025-11-20T16:58:55","guid":{"rendered":"https:\/\/girasolmultimedios.com\/portal\/?p=2251"},"modified":"2025-11-20T10:58:56","modified_gmt":"2025-11-20T16:58:56","slug":"masacre-deja-a-tres-personas-asesinadas-en-balfate-colon","status":"publish","type":"post","link":"https:\/\/girasolmultimedios.com\/portal\/masacre-deja-a-tres-personas-asesinadas-en-balfate-colon\/","title":{"rendered":"Masacre deja a tres personas asesinadas en Balfate, Col\u00f3n"},"content":{"rendered":"\n<p>Autoridades han informado sobre la nueva masacre que ha dejado a tres personas asesinadas en Balfate, Col\u00f3n, donde por el momento se desconoce quienes fueron los autores intelectuales del violento hecho que llen\u00f3 de luto a las familias hondure\u00f1as.<\/p>\n\n\n\n<p>Seg\u00fan los reportes preliminares, las personas fallecidas fueron identificadas como: Anthony G\u00e1lvez de 22 a\u00f1os, Bella Flores Duarte de 15 a\u00f1os y Luis Fernando Arita de 19.<\/p>\n\n\n\n<p>En este sentido, se dio a conocer que las personas iban a bordo de un veh\u00edculo cuando fueron interceptadas y atacadas a disparos por sujetos desconocidos en la zona de Balfate en el departamento de Col\u00f3n, Caribe hondure\u00f1o.<\/p>\n\n\n\n<p>Este hecho ocurri\u00f3 a altas horas de la noche del pasado mi\u00e9rcoles en la aldea El Carb\u00f3n, en la ma\u00f1ana se supo sobre la muerte violenta de estas tres personas en el norte del pa\u00eds.<\/p>\n\n\n\n<p>Los cuerpos fueron trasladados a la morgue de La Ceiba donde las autoridades de Medicina Forense van hacer la autopsia correspondiente y as\u00ed determinar con certeza que sucedi\u00f3 en el atentado.<\/p>\n\n\n\n<p>En lo que va del a\u00f1o se registran al menos 28 masacres a nivel nacional, una cifra alarmante, pero las autoridades de Seguridad manifiestan que \u201cvamos bien\u201d mientras el pa\u00eds se pierde en la violencia.&nbsp;<\/p>\n","protected":false},"excerpt":{"rendered":"<p>Autoridades han informado sobre la nueva masacre que ha dejado a tres personas asesinadas en Balfate, Col\u00f3n, donde por el momento se desconoce quienes fueron los autores intelectuales del violento hecho que llen\u00f3 de luto a las familias hondure\u00f1as. Seg\u00fan los reportes preliminares, las personas fallecidas fueron identificadas como: Anthony G\u00e1lvez de 22 a\u00f1os, Bella [&hellip;]<\/p>\n","protected":false},"author":2,"featured_media":2252,"comment_status":"closed","ping_status":"open","sticky":false,"template":"","format":"standard","meta":{"_seopress_robots_primary_cat":"","_seopress_titles_title":"","_seopress_titles_desc":"","_seopress_robots_index":"","footnotes":""},"categories":[1],"tags":[],"class_list":["post-2251","post","type-post","status-publish","format-standard","has-post-thumbnail","hentry","category-sin-categoria"],"_links":{"self":[{"href":"https:\/\/girasolmultimedios.com\/portal\/wp-json\/wp\/v2\/posts\/2251","targetHints":{"allow":["GET"]}}],"collection":[{"href":"https:\/\/girasolmultimedios.com\/portal\/wp-json\/wp\/v2\/posts"}],"about":[{"href":"https:\/\/girasolmultimedios.com\/portal\/wp-json\/wp\/v2\/types\/post"}],"author":[{"embeddable":true,"href":"https:\/\/girasolmultimedios.com\/portal\/wp-json\/wp\/v2\/users\/2"}],"replies":[{"embeddable":true,"href":"https:\/\/girasolmultimedios.com\/portal\/wp-json\/wp\/v2\/comments?post=2251"}],"version-history":[{"count":1,"href":"https:\/\/girasolmultimedios.com\/portal\/wp-json\/wp\/v2\/posts\/2251\/revisions"}],"predecessor-version":[{"id":2253,"href":"https:\/\/girasolmultimedios.com\/portal\/wp-json\/wp\/v2\/posts\/2251\/revisions\/2253"}],"wp:featuredmedia":[{"embeddable":true,"href":"https:\/\/girasolmultimedios.com\/portal\/wp-json\/wp\/v2\/media\/2252"}],"wp:attachment":[{"href":"https:\/\/girasolmultimedios.com\/portal\/wp-json\/wp\/v2\/media?parent=2251"}],"wp:term":[{"taxonomy":"category","embeddable":true,"href":"https:\/\/girasolmultimedios.com\/portal\/wp-json\/wp\/v2\/categories?post=2251"},{"taxonomy":"post_tag","embeddable":true,"href":"https:\/\/girasolmultimedios.com\/portal\/wp-json\/wp\/v2\/tags?post=2251"}],"curies":[{"name":"wp","href":"https:\/\/api.w.org\/{rel}","templated":true}]}}