{"id":2254,"date":"2025-11-21T10:11:03","date_gmt":"2025-11-21T16:11:03","guid":{"rendered":"https:\/\/girasolmultimedios.com\/portal\/?p=2254"},"modified":"2025-11-21T10:11:04","modified_gmt":"2025-11-21T16:11:04","slug":"antonio-rivera-destaca-presencia-de-ocho-senadores-de-ee-uu-como-observadores-electorales","status":"publish","type":"post","link":"https:\/\/girasolmultimedios.com\/portal\/antonio-rivera-destaca-presencia-de-ocho-senadores-de-ee-uu-como-observadores-electorales\/","title":{"rendered":"Antonio Rivera destaca presencia de ocho senadores de EE.UU. como observadores electorales"},"content":{"rendered":"\n<p>El diputado nacionalista Antonio Rivera Callejas afirm\u00f3 que ocho senadores de Estados Unidos visitar\u00e1n Honduras como observadores electorales tras la reciente audiencia del Subcomit\u00e9 sobre el Hemisferio Occidental de la C\u00e1mara de Representantes.<\/p>\n\n\n\n<p>Se\u00f1al\u00f3 que esta presencia es in\u00e9dita y refleja la fuerte atenci\u00f3n de Washington sobre el desarrollo del proceso electoral hondure\u00f1o.<\/p>\n\n\n\n<p>Rivera Callejas asegur\u00f3 que la visita demuestra la preocupaci\u00f3n de EE. UU. ante las acciones del partido Libertad y Refundaci\u00f3n (Libre), al que acus\u00f3 de intentar deslegitimar las elecciones con audios falsos, anuncios de marchas y supuestos expertos sin credenciales<\/p>\n\n\n\n<p><br>El congresista sostuvo que la llegada de los senadores busca evaluar si EE. UU. reconocer\u00e1 al pr\u00f3ximo gobierno, considerando su rol como principal socio comercial de Honduras.<\/p>\n\n\n\n<p>Tambi\u00e9n critic\u00f3 la postura de Libre, recordando que antes exaltaba a figuras estadounidenses cr\u00edticas del gobierno hondure\u00f1o, pero ahora intenta minimizar la presencia de legisladores como Mar\u00eda Elvira Salazar.<\/p>\n\n\n\n<p>Rivera Callejas concluy\u00f3 que la atenci\u00f3n internacional demuestra el inter\u00e9s de EE. UU. en lo que ocurra el 30 de noviembre y en los d\u00edas posteriores al proceso electoral.<\/p>\n","protected":false},"excerpt":{"rendered":"<p>El diputado nacionalista Antonio Rivera Callejas afirm\u00f3 que ocho senadores de Estados Unidos visitar\u00e1n Honduras como observadores electorales tras la reciente audiencia del Subcomit\u00e9 sobre el Hemisferio Occidental de la C\u00e1mara de Representantes. Se\u00f1al\u00f3 que esta presencia es in\u00e9dita y refleja la fuerte atenci\u00f3n de Washington sobre el desarrollo del proceso electoral hondure\u00f1o. Rivera Callejas [&hellip;]<\/p>\n","protected":false},"author":2,"featured_media":2255,"comment_status":"closed","ping_status":"open","sticky":false,"template":"","format":"standard","meta":{"_seopress_robots_primary_cat":"","_seopress_titles_title":"","_seopress_titles_desc":"","_seopress_robots_index":"","footnotes":""},"categories":[1],"tags":[],"class_list":["post-2254","post","type-post","status-publish","format-standard","has-post-thumbnail","hentry","category-sin-categoria"],"_links":{"self":[{"href":"https:\/\/girasolmultimedios.com\/portal\/wp-json\/wp\/v2\/posts\/2254","targetHints":{"allow":["GET"]}}],"collection":[{"href":"https:\/\/girasolmultimedios.com\/portal\/wp-json\/wp\/v2\/posts"}],"about":[{"href":"https:\/\/girasolmultimedios.com\/portal\/wp-json\/wp\/v2\/types\/post"}],"author":[{"embeddable":true,"href":"https:\/\/girasolmultimedios.com\/portal\/wp-json\/wp\/v2\/users\/2"}],"replies":[{"embeddable":true,"href":"https:\/\/girasolmultimedios.com\/portal\/wp-json\/wp\/v2\/comments?post=2254"}],"version-history":[{"count":1,"href":"https:\/\/girasolmultimedios.com\/portal\/wp-json\/wp\/v2\/posts\/2254\/revisions"}],"predecessor-version":[{"id":2256,"href":"https:\/\/girasolmultimedios.com\/portal\/wp-json\/wp\/v2\/posts\/2254\/revisions\/2256"}],"wp:featuredmedia":[{"embeddable":true,"href":"https:\/\/girasolmultimedios.com\/portal\/wp-json\/wp\/v2\/media\/2255"}],"wp:attachment":[{"href":"https:\/\/girasolmultimedios.com\/portal\/wp-json\/wp\/v2\/media?parent=2254"}],"wp:term":[{"taxonomy":"category","embeddable":true,"href":"https:\/\/girasolmultimedios.com\/portal\/wp-json\/wp\/v2\/categories?post=2254"},{"taxonomy":"post_tag","embeddable":true,"href":"https:\/\/girasolmultimedios.com\/portal\/wp-json\/wp\/v2\/tags?post=2254"}],"curies":[{"name":"wp","href":"https:\/\/api.w.org\/{rel}","templated":true}]}}