{"id":2257,"date":"2025-11-21T10:24:39","date_gmt":"2025-11-21T16:24:39","guid":{"rendered":"https:\/\/girasolmultimedios.com\/portal\/?p=2257"},"modified":"2025-11-21T10:24:40","modified_gmt":"2025-11-21T16:24:40","slug":"queman-llantas-en-la-33-calle-por-problema-de-aguas-negras-en-sps","status":"publish","type":"post","link":"https:\/\/girasolmultimedios.com\/portal\/queman-llantas-en-la-33-calle-por-problema-de-aguas-negras-en-sps\/","title":{"rendered":"Queman llantas en la 33 calle por problema de aguas negras en SPS"},"content":{"rendered":"\n<p>Residentes de la colonia Miguel \u00c1ngel Pav\u00f3n, hartos del desborde constante de aguas negras, bloquearon este viernes la 33 calle de San Pedro Sula quemando llantas y exigiendo una soluci\u00f3n inmediata por parte de las autoridades municipales.<\/p>\n\n\n\n<p>Los manifestantes denunciaron que el problema lleva varios meses sin ser atendido, a pesar de m\u00faltiples reportes presentados a la Municipalidad de San Pedro Sula.<\/p>\n\n\n\n<p>Las filtraciones de aguas residuales han convertido calles y patios en focos de contaminaci\u00f3n, representando un grave riesgo sanitario para cientos de familias y comercios de la zona.<\/p>\n\n\n\n<p>\u201cEstamos cansados de promesas. El agua negra ya es una vecina permanente que nos est\u00e1 enfermando a ni\u00f1os y adultos. Si no nos dan un plan concreto de reparaci\u00f3n, las protestas van a seguir\u201d, expres\u00f3 uno de los l\u00edderes comunitarios durante la manifestaci\u00f3n.<\/p>\n\n\n\n<p>El bloqueo total de ambas v\u00edas de la 33 calle gener\u00f3 un fuerte congestionamiento vehicular que afecta a conductores que transitan hacia el bulevar del este y zonas aleda\u00f1as.<\/p>\n\n\n\n<p>Hasta el momento, unidades de la Polic\u00eda Nacional se dirigen al lugar para dialogar con los manifestantes y proceder al desalojo correspondiente con el objetivo de restablecer el libre tr\u00e1nsito.<\/p>\n\n\n\n<p>Los vecinos aseguran que mantendr\u00e1n la presi\u00f3n hasta obtener una respuesta oficial y el inicio inmediato de los trabajos de reparaci\u00f3n del sistema de alcantarillado, que seg\u00fan ellos presenta colapsos en varias manzanas de la colonia.<\/p>\n","protected":false},"excerpt":{"rendered":"<p>Residentes de la colonia Miguel \u00c1ngel Pav\u00f3n, hartos del desborde constante de aguas negras, bloquearon este viernes la 33 calle de San Pedro Sula quemando llantas y exigiendo una soluci\u00f3n inmediata por parte de las autoridades municipales. Los manifestantes denunciaron que el problema lleva varios meses sin ser atendido, a pesar de m\u00faltiples reportes presentados [&hellip;]<\/p>\n","protected":false},"author":2,"featured_media":2258,"comment_status":"closed","ping_status":"open","sticky":false,"template":"","format":"standard","meta":{"_seopress_robots_primary_cat":"","_seopress_titles_title":"","_seopress_titles_desc":"","_seopress_robots_index":"","footnotes":""},"categories":[1],"tags":[],"class_list":["post-2257","post","type-post","status-publish","format-standard","has-post-thumbnail","hentry","category-sin-categoria"],"_links":{"self":[{"href":"https:\/\/girasolmultimedios.com\/portal\/wp-json\/wp\/v2\/posts\/2257","targetHints":{"allow":["GET"]}}],"collection":[{"href":"https:\/\/girasolmultimedios.com\/portal\/wp-json\/wp\/v2\/posts"}],"about":[{"href":"https:\/\/girasolmultimedios.com\/portal\/wp-json\/wp\/v2\/types\/post"}],"author":[{"embeddable":true,"href":"https:\/\/girasolmultimedios.com\/portal\/wp-json\/wp\/v2\/users\/2"}],"replies":[{"embeddable":true,"href":"https:\/\/girasolmultimedios.com\/portal\/wp-json\/wp\/v2\/comments?post=2257"}],"version-history":[{"count":1,"href":"https:\/\/girasolmultimedios.com\/portal\/wp-json\/wp\/v2\/posts\/2257\/revisions"}],"predecessor-version":[{"id":2259,"href":"https:\/\/girasolmultimedios.com\/portal\/wp-json\/wp\/v2\/posts\/2257\/revisions\/2259"}],"wp:featuredmedia":[{"embeddable":true,"href":"https:\/\/girasolmultimedios.com\/portal\/wp-json\/wp\/v2\/media\/2258"}],"wp:attachment":[{"href":"https:\/\/girasolmultimedios.com\/portal\/wp-json\/wp\/v2\/media?parent=2257"}],"wp:term":[{"taxonomy":"category","embeddable":true,"href":"https:\/\/girasolmultimedios.com\/portal\/wp-json\/wp\/v2\/categories?post=2257"},{"taxonomy":"post_tag","embeddable":true,"href":"https:\/\/girasolmultimedios.com\/portal\/wp-json\/wp\/v2\/tags?post=2257"}],"curies":[{"name":"wp","href":"https:\/\/api.w.org\/{rel}","templated":true}]}}