{"id":2260,"date":"2025-11-21T10:29:26","date_gmt":"2025-11-21T16:29:26","guid":{"rendered":"https:\/\/girasolmultimedios.com\/portal\/?p=2260"},"modified":"2025-11-21T10:29:26","modified_gmt":"2025-11-21T16:29:26","slug":"turismo-cae-15-por-incertidumbre-politica-alerta-canaturh","status":"publish","type":"post","link":"https:\/\/girasolmultimedios.com\/portal\/turismo-cae-15-por-incertidumbre-politica-alerta-canaturh\/","title":{"rendered":"Turismo cae 15 % por incertidumbre pol\u00edtica, alerta Canaturh"},"content":{"rendered":"\n<p>El presidente de la\u00a0C\u00e1mara Nacional de Turismo de Honduras (Canaturh), Andr\u00e9s Ehrler, inform\u00f3 que los ingresos del sector tur\u00edstico cayeron 15 % este a\u00f1o debido a la incertidumbre pol\u00edtica.<\/p>\n\n\n\n<p>Explic\u00f3 que desde las elecciones primarias de marzo, restaurantes, cafeter\u00edas, hoteles, centros de eventos y sitios de recreaci\u00f3n reportan una contracci\u00f3n econ\u00f3mica constante.<\/p>\n\n\n\n<p>Ehrler afirm\u00f3 que el crecimiento proyectado para 2025 no se ha cumplido y que, por el contrario, los once meses transcurridos muestran una baja generalizada en los ingresos.<\/p>\n\n\n\n<p>Se\u00f1al\u00f3 que los problemas surgidos durante el proceso electoral y las tensiones de las \u00faltimas semanas han profundizado la incertidumbre.<\/p>\n\n\n\n<p>El empresario critic\u00f3 que el gobierno no haya generado un clima de estabilidad que permita a las empresas y a los hondure\u00f1os planificar con confianza.<\/p>\n\n\n\n<p>Advirti\u00f3 que diciembre se perfila como un mes complicado, ya que muchas compa\u00f1\u00edas frenan reservas corporativas y las familias dudan en gastar en vacaciones o celebraciones.<\/p>\n\n\n\n<p>Ehrler concluy\u00f3 que la incertidumbre ha golpeado el \u00e1nimo del consumidor y la capacidad del sector para generar empleos en la temporada alta.<\/p>\n","protected":false},"excerpt":{"rendered":"<p>El presidente de la\u00a0C\u00e1mara Nacional de Turismo de Honduras (Canaturh), Andr\u00e9s Ehrler, inform\u00f3 que los ingresos del sector tur\u00edstico cayeron 15 % este a\u00f1o debido a la incertidumbre pol\u00edtica. Explic\u00f3 que desde las elecciones primarias de marzo, restaurantes, cafeter\u00edas, hoteles, centros de eventos y sitios de recreaci\u00f3n reportan una contracci\u00f3n econ\u00f3mica constante. Ehrler afirm\u00f3 que [&hellip;]<\/p>\n","protected":false},"author":2,"featured_media":2261,"comment_status":"closed","ping_status":"open","sticky":false,"template":"","format":"standard","meta":{"_seopress_robots_primary_cat":"","_seopress_titles_title":"","_seopress_titles_desc":"","_seopress_robots_index":"","footnotes":""},"categories":[1],"tags":[],"class_list":["post-2260","post","type-post","status-publish","format-standard","has-post-thumbnail","hentry","category-sin-categoria"],"_links":{"self":[{"href":"https:\/\/girasolmultimedios.com\/portal\/wp-json\/wp\/v2\/posts\/2260","targetHints":{"allow":["GET"]}}],"collection":[{"href":"https:\/\/girasolmultimedios.com\/portal\/wp-json\/wp\/v2\/posts"}],"about":[{"href":"https:\/\/girasolmultimedios.com\/portal\/wp-json\/wp\/v2\/types\/post"}],"author":[{"embeddable":true,"href":"https:\/\/girasolmultimedios.com\/portal\/wp-json\/wp\/v2\/users\/2"}],"replies":[{"embeddable":true,"href":"https:\/\/girasolmultimedios.com\/portal\/wp-json\/wp\/v2\/comments?post=2260"}],"version-history":[{"count":1,"href":"https:\/\/girasolmultimedios.com\/portal\/wp-json\/wp\/v2\/posts\/2260\/revisions"}],"predecessor-version":[{"id":2262,"href":"https:\/\/girasolmultimedios.com\/portal\/wp-json\/wp\/v2\/posts\/2260\/revisions\/2262"}],"wp:featuredmedia":[{"embeddable":true,"href":"https:\/\/girasolmultimedios.com\/portal\/wp-json\/wp\/v2\/media\/2261"}],"wp:attachment":[{"href":"https:\/\/girasolmultimedios.com\/portal\/wp-json\/wp\/v2\/media?parent=2260"}],"wp:term":[{"taxonomy":"category","embeddable":true,"href":"https:\/\/girasolmultimedios.com\/portal\/wp-json\/wp\/v2\/categories?post=2260"},{"taxonomy":"post_tag","embeddable":true,"href":"https:\/\/girasolmultimedios.com\/portal\/wp-json\/wp\/v2\/tags?post=2260"}],"curies":[{"name":"wp","href":"https:\/\/api.w.org\/{rel}","templated":true}]}}