{"id":2263,"date":"2025-11-21T10:31:32","date_gmt":"2025-11-21T16:31:32","guid":{"rendered":"https:\/\/girasolmultimedios.com\/portal\/?p=2263"},"modified":"2025-11-21T10:31:33","modified_gmt":"2025-11-21T16:31:33","slug":"asesinan-a-pastor-evangelico-en-intibuca","status":"publish","type":"post","link":"https:\/\/girasolmultimedios.com\/portal\/asesinan-a-pastor-evangelico-en-intibuca\/","title":{"rendered":"Asesinan a pastor evang\u00e9lico en Intibuc\u00e1"},"content":{"rendered":"\n<p>Un pastor evang\u00e9lico identificado como El\u00edas Garc\u00eda, de 59 a\u00f1os, fue asesinado en Intibuc\u00e1, en el occidente de Honduras.<\/p>\n\n\n\n<p>Su hija reclam\u00f3 el cuerpo en la morgue capitalina y afirm\u00f3 que su padre era un hombre trabajador, dedicado a la compra y venta de caf\u00e9 y a predicar la palabra de Dios, un pastor al servicio de su gente.<\/p>\n\n\n\n<p>La joven pidi\u00f3 a las autoridades que act\u00faen para capturar a los responsables. Seg\u00fan datos preliminares, varios sujetos interceptaron al pastor y le dispararon en repetidas ocasiones.<\/p>\n\n\n\n<p><\/p>\n","protected":false},"excerpt":{"rendered":"<p>Un pastor evang\u00e9lico identificado como El\u00edas Garc\u00eda, de 59 a\u00f1os, fue asesinado en Intibuc\u00e1, en el occidente de Honduras. Su hija reclam\u00f3 el cuerpo en la morgue capitalina y afirm\u00f3 que su padre era un hombre trabajador, dedicado a la compra y venta de caf\u00e9 y a predicar la palabra de Dios, un pastor al [&hellip;]<\/p>\n","protected":false},"author":2,"featured_media":2264,"comment_status":"closed","ping_status":"open","sticky":false,"template":"","format":"standard","meta":{"_seopress_robots_primary_cat":"","_seopress_titles_title":"","_seopress_titles_desc":"","_seopress_robots_index":"","footnotes":""},"categories":[1],"tags":[],"class_list":["post-2263","post","type-post","status-publish","format-standard","has-post-thumbnail","hentry","category-sin-categoria"],"_links":{"self":[{"href":"https:\/\/girasolmultimedios.com\/portal\/wp-json\/wp\/v2\/posts\/2263","targetHints":{"allow":["GET"]}}],"collection":[{"href":"https:\/\/girasolmultimedios.com\/portal\/wp-json\/wp\/v2\/posts"}],"about":[{"href":"https:\/\/girasolmultimedios.com\/portal\/wp-json\/wp\/v2\/types\/post"}],"author":[{"embeddable":true,"href":"https:\/\/girasolmultimedios.com\/portal\/wp-json\/wp\/v2\/users\/2"}],"replies":[{"embeddable":true,"href":"https:\/\/girasolmultimedios.com\/portal\/wp-json\/wp\/v2\/comments?post=2263"}],"version-history":[{"count":1,"href":"https:\/\/girasolmultimedios.com\/portal\/wp-json\/wp\/v2\/posts\/2263\/revisions"}],"predecessor-version":[{"id":2265,"href":"https:\/\/girasolmultimedios.com\/portal\/wp-json\/wp\/v2\/posts\/2263\/revisions\/2265"}],"wp:featuredmedia":[{"embeddable":true,"href":"https:\/\/girasolmultimedios.com\/portal\/wp-json\/wp\/v2\/media\/2264"}],"wp:attachment":[{"href":"https:\/\/girasolmultimedios.com\/portal\/wp-json\/wp\/v2\/media?parent=2263"}],"wp:term":[{"taxonomy":"category","embeddable":true,"href":"https:\/\/girasolmultimedios.com\/portal\/wp-json\/wp\/v2\/categories?post=2263"},{"taxonomy":"post_tag","embeddable":true,"href":"https:\/\/girasolmultimedios.com\/portal\/wp-json\/wp\/v2\/tags?post=2263"}],"curies":[{"name":"wp","href":"https:\/\/api.w.org\/{rel}","templated":true}]}}