{"id":2269,"date":"2025-11-21T10:35:13","date_gmt":"2025-11-21T16:35:13","guid":{"rendered":"https:\/\/girasolmultimedios.com\/portal\/?p=2269"},"modified":"2025-11-21T10:35:13","modified_gmt":"2025-11-21T16:35:13","slug":"el-bcie-firma-acuerdos-con-seul-para-fomentar-el-desarrollo-sostenible-de-centroamerica","status":"publish","type":"post","link":"https:\/\/girasolmultimedios.com\/portal\/el-bcie-firma-acuerdos-con-seul-para-fomentar-el-desarrollo-sostenible-de-centroamerica\/","title":{"rendered":"El BCIE firma acuerdos con Se\u00fal para fomentar el desarrollo sostenible de Centroam\u00e9rica"},"content":{"rendered":"\n<p>La presidenta ejecutiva del Banco Centroamericano de Integraci\u00f3n Econ\u00f3mica (BCIE), Gisela S\u00e1nchez, asegur\u00f3 este jueves que ha firmado m\u00faltiples pactos para atraer inversi\u00f3n, tecnolog\u00eda y conocimiento desde Corea del Sur hacia Centroam\u00e9rica, as\u00ed como un acuerdo con el Fondo Verde para el Clima que apoyar\u00e1 la construcci\u00f3n del primer tren completamente el\u00e9ctrico de Costa Rica.<\/p>\n\n\n\n<p>\u201cHoy firmamos un acuerdo con la KISA (Agencia de Seguridad de Internet de Corea del Sur) para poder fortalecer los conceptos de ciberseguridad\u201d, se\u00f1al\u00f3 S\u00e1nchez a EFE durante su visita a la capital surcoreana, quien a\u00f1adi\u00f3 que tambi\u00e9n alcanzaron un pacto con la Agencia para la Promoci\u00f3n del Comercio e Inversi\u00f3n de Corea del Sur (KOTRA) para fomentar la inversi\u00f3n de empresas surcoreanas en Centroam\u00e9rica.<\/p>\n\n\n\n<p>La presidenta ejecutiva del BCIE destac\u00f3 que el mi\u00e9rcoles se reuni\u00f3 con el Fondo Verde para el Clima (GCF) y firmaron un proyecto, junto con el Banco Europeo de Inversiones, para apoyar a Costa Rica a establecer un tren \u201c100% el\u00e9ctrico\u201d.<\/p>\n\n\n\n<p>\u201cVa a ser el primer (tren completamente) el\u00e9ctrico del pa\u00eds y adem\u00e1s tendr\u00e1 un impacto en m\u00e1s de dos millones de personas\u201d, se\u00f1al\u00f3 desde la oficina en Se\u00fal del BCIE, entidad que colabora con la Agencia EFE en la difusi\u00f3n de este contenido.<\/p>\n","protected":false},"excerpt":{"rendered":"<p>La presidenta ejecutiva del Banco Centroamericano de Integraci\u00f3n Econ\u00f3mica (BCIE), Gisela S\u00e1nchez, asegur\u00f3 este jueves que ha firmado m\u00faltiples pactos para atraer inversi\u00f3n, tecnolog\u00eda y conocimiento desde Corea del Sur hacia Centroam\u00e9rica, as\u00ed como un acuerdo con el Fondo Verde para el Clima que apoyar\u00e1 la construcci\u00f3n del primer tren completamente el\u00e9ctrico de Costa Rica. [&hellip;]<\/p>\n","protected":false},"author":2,"featured_media":2270,"comment_status":"closed","ping_status":"open","sticky":false,"template":"","format":"standard","meta":{"_seopress_robots_primary_cat":"","_seopress_titles_title":"","_seopress_titles_desc":"","_seopress_robots_index":"","footnotes":""},"categories":[1],"tags":[],"class_list":["post-2269","post","type-post","status-publish","format-standard","has-post-thumbnail","hentry","category-sin-categoria"],"_links":{"self":[{"href":"https:\/\/girasolmultimedios.com\/portal\/wp-json\/wp\/v2\/posts\/2269","targetHints":{"allow":["GET"]}}],"collection":[{"href":"https:\/\/girasolmultimedios.com\/portal\/wp-json\/wp\/v2\/posts"}],"about":[{"href":"https:\/\/girasolmultimedios.com\/portal\/wp-json\/wp\/v2\/types\/post"}],"author":[{"embeddable":true,"href":"https:\/\/girasolmultimedios.com\/portal\/wp-json\/wp\/v2\/users\/2"}],"replies":[{"embeddable":true,"href":"https:\/\/girasolmultimedios.com\/portal\/wp-json\/wp\/v2\/comments?post=2269"}],"version-history":[{"count":1,"href":"https:\/\/girasolmultimedios.com\/portal\/wp-json\/wp\/v2\/posts\/2269\/revisions"}],"predecessor-version":[{"id":2271,"href":"https:\/\/girasolmultimedios.com\/portal\/wp-json\/wp\/v2\/posts\/2269\/revisions\/2271"}],"wp:featuredmedia":[{"embeddable":true,"href":"https:\/\/girasolmultimedios.com\/portal\/wp-json\/wp\/v2\/media\/2270"}],"wp:attachment":[{"href":"https:\/\/girasolmultimedios.com\/portal\/wp-json\/wp\/v2\/media?parent=2269"}],"wp:term":[{"taxonomy":"category","embeddable":true,"href":"https:\/\/girasolmultimedios.com\/portal\/wp-json\/wp\/v2\/categories?post=2269"},{"taxonomy":"post_tag","embeddable":true,"href":"https:\/\/girasolmultimedios.com\/portal\/wp-json\/wp\/v2\/tags?post=2269"}],"curies":[{"name":"wp","href":"https:\/\/api.w.org\/{rel}","templated":true}]}}