{"id":2278,"date":"2025-11-21T10:47:47","date_gmt":"2025-11-21T16:47:47","guid":{"rendered":"https:\/\/girasolmultimedios.com\/portal\/?p=2278"},"modified":"2025-11-21T10:47:48","modified_gmt":"2025-11-21T16:47:48","slug":"crecimiento-economico-llegaria-a-3-5-pero-maquila-y-sector-camaronero-requieren-impulso","status":"publish","type":"post","link":"https:\/\/girasolmultimedios.com\/portal\/crecimiento-economico-llegaria-a-3-5-pero-maquila-y-sector-camaronero-requieren-impulso\/","title":{"rendered":"Crecimiento econ\u00f3mico llegar\u00eda a 3.5%, pero maquila y sector camaronero requieren impulso"},"content":{"rendered":"\n<p>La oficial de Pol\u00edtica Econ\u00f3mica del Consejo Hondure\u00f1o de la Empresa Privada (Cohep), Yeni Ant\u00fanez, indic\u00f3 que las proyecciones del sector privado sit\u00faan el crecimiento econ\u00f3mico de Honduras hasta un 3.5 por ciento al cierre del a\u00f1o, pero ese nivel no alcanza para cubrir las necesidades de la poblaci\u00f3n.<\/p>\n\n\n\n<p>Desde el an\u00e1lisis sectorial, destac\u00f3 que el desempe\u00f1o de las exportaciones de caf\u00e9 result\u00f3 positivo durante el a\u00f1o, sin embargo, \u201cfalta impulsar otros sectores como la maquila que es uno de los m\u00e1s importantes, tambi\u00e9n ha perdido empleo el sector camaronero\u201d.<\/p>\n\n\n\n<p>En relaci\u00f3n con los factores de riesgo, manifest\u00f3 que existen elementos externos que pueden incidir en el crecimiento previsto.<\/p>\n\n\n\n<p>Adem\u00e1s, las pol\u00edticas de Donald Trump representan una variable de atenci\u00f3n, y record\u00f3 \u201cque las remesas tienen una importancia en nuestra econom\u00eda, por tanto, las pol\u00edticas del gobierno estadounidense van a afectar el flujo de remesas que ingresa al pa\u00eds\u201d.<\/p>\n\n\n\n<p>Sobre el comportamiento del mercado laboral, refiri\u00f3 que el a\u00f1o 2025 present\u00f3 una baja en el empleo y tambi\u00e9n se reporta una disminuci\u00f3n en las exportaciones, y son aspectos forman parte de los temas que deben ocupar un lugar prioritario dentro de la agenda econ\u00f3mica.<\/p>\n\n\n\n<p>El crecimiento proyectado de hasta 3.5 por ciento constituye una referencia t\u00e9cnica elaborada por el sector privado, evaluaci\u00f3n que se construy\u00f3 con base en el desempe\u00f1o de los distintos sectores productivos.<\/p>\n\n\n\n<p>Con un porcentaje casi similar, El Fondo Monetario Internacional (FMI) prev\u00e9 crecimiento del 3.8 por ciento para Honduras y una inflaci\u00f3n del 4.6 por ciento en 2025.<\/p>\n\n\n\n<p>En declaraciones recientes, la directora de Gobernanza Econ\u00f3mica de la Asociaci\u00f3n para una Sociedad m\u00e1s Justa (ASJ),&nbsp;Liliam Rivera,<strong>&nbsp;<\/strong>se\u00f1al\u00f3 que los niveles de crecimiento econ\u00f3mico que proyecta el Gobierno son similares a a\u00f1os anteriores y no alcanzan para reducir la pobreza en Honduras.<\/p>\n\n\n\n<p>\u201cLas cifras econ\u00f3micas s\u00ed son importantes, nos ayudan a evaluar como el desempe\u00f1o de la econom\u00eda, sin embargo, cuando usted ve este comportamiento, c\u00f3mo se traslada en mejorar la calidad de vida de las personas, usted cree que la tarea sigue estando pendiente\u201d, zanj\u00f3 Liliam Rivera.<\/p>\n\n\n\n<p>La experta refiri\u00f3 que las condiciones de vida de la poblaci\u00f3n reflejan que siguen los mismos desaf\u00edos como altos niveles de pobreza, altos niveles de inseguridad, precariedad en el sistema sanitario y en el sistema educativo.&nbsp;<\/p>\n","protected":false},"excerpt":{"rendered":"<p>La oficial de Pol\u00edtica Econ\u00f3mica del Consejo Hondure\u00f1o de la Empresa Privada (Cohep), Yeni Ant\u00fanez, indic\u00f3 que las proyecciones del sector privado sit\u00faan el crecimiento econ\u00f3mico de Honduras hasta un 3.5 por ciento al cierre del a\u00f1o, pero ese nivel no alcanza para cubrir las necesidades de la poblaci\u00f3n. Desde el an\u00e1lisis sectorial, destac\u00f3 que [&hellip;]<\/p>\n","protected":false},"author":2,"featured_media":2279,"comment_status":"closed","ping_status":"open","sticky":false,"template":"","format":"standard","meta":{"_seopress_robots_primary_cat":"","_seopress_titles_title":"","_seopress_titles_desc":"","_seopress_robots_index":"","footnotes":""},"categories":[1],"tags":[],"class_list":["post-2278","post","type-post","status-publish","format-standard","has-post-thumbnail","hentry","category-sin-categoria"],"_links":{"self":[{"href":"https:\/\/girasolmultimedios.com\/portal\/wp-json\/wp\/v2\/posts\/2278","targetHints":{"allow":["GET"]}}],"collection":[{"href":"https:\/\/girasolmultimedios.com\/portal\/wp-json\/wp\/v2\/posts"}],"about":[{"href":"https:\/\/girasolmultimedios.com\/portal\/wp-json\/wp\/v2\/types\/post"}],"author":[{"embeddable":true,"href":"https:\/\/girasolmultimedios.com\/portal\/wp-json\/wp\/v2\/users\/2"}],"replies":[{"embeddable":true,"href":"https:\/\/girasolmultimedios.com\/portal\/wp-json\/wp\/v2\/comments?post=2278"}],"version-history":[{"count":1,"href":"https:\/\/girasolmultimedios.com\/portal\/wp-json\/wp\/v2\/posts\/2278\/revisions"}],"predecessor-version":[{"id":2280,"href":"https:\/\/girasolmultimedios.com\/portal\/wp-json\/wp\/v2\/posts\/2278\/revisions\/2280"}],"wp:featuredmedia":[{"embeddable":true,"href":"https:\/\/girasolmultimedios.com\/portal\/wp-json\/wp\/v2\/media\/2279"}],"wp:attachment":[{"href":"https:\/\/girasolmultimedios.com\/portal\/wp-json\/wp\/v2\/media?parent=2278"}],"wp:term":[{"taxonomy":"category","embeddable":true,"href":"https:\/\/girasolmultimedios.com\/portal\/wp-json\/wp\/v2\/categories?post=2278"},{"taxonomy":"post_tag","embeddable":true,"href":"https:\/\/girasolmultimedios.com\/portal\/wp-json\/wp\/v2\/tags?post=2278"}],"curies":[{"name":"wp","href":"https:\/\/api.w.org\/{rel}","templated":true}]}}