{"id":2313,"date":"2025-11-24T10:53:24","date_gmt":"2025-11-24T16:53:24","guid":{"rendered":"https:\/\/girasolmultimedios.com\/portal\/?p=2313"},"modified":"2025-11-24T10:53:24","modified_gmt":"2025-11-24T16:53:24","slug":"asi-viajaba-camion-que-termino-en-tragedia-y-dejo-9-muertos-en-santa-barbara","status":"publish","type":"post","link":"https:\/\/girasolmultimedios.com\/portal\/asi-viajaba-camion-que-termino-en-tragedia-y-dejo-9-muertos-en-santa-barbara\/","title":{"rendered":"As\u00ed viajaba cami\u00f3n que termin\u00f3 en tragedia y dej\u00f3 9 muertos en Santa B\u00e1rbara"},"content":{"rendered":"\n<p>Un ambiente de fiesta pol\u00edtica termin\u00f3 convertido en tragedia en la comunidad de Loma Larga, municipio de Colinas, Santa B\u00e1rbara.<\/p>\n\n\n\n<p>Un cami\u00f3n que trasladaba simpatizantes de los partidos Nacional y Liberal se precipit\u00f3 a un abismo, provocando la muerte de al menos nueve personas y dejando alrededor de 60 heridos.<\/p>\n\n\n\n<figure class=\"wp-block-image size-full\"><img alt=\"\" loading=\"lazy\" decoding=\"async\" width=\"945\" height=\"974\" src=\"https:\/\/girasolmultimedios.com\/portal\/wp-content\/uploads\/image-63.png\" alt=\"\" class=\"wp-image-2326\" srcset=\"https:\/\/girasolmultimedios.com\/portal\/wp-content\/uploads\/image-63.png 945w, https:\/\/girasolmultimedios.com\/portal\/wp-content\/uploads\/image-63-291x300.png 291w, https:\/\/girasolmultimedios.com\/portal\/wp-content\/uploads\/image-63-146x150.png 146w, https:\/\/girasolmultimedios.com\/portal\/wp-content\/uploads\/image-63-768x792.png 768w\" sizes=\"auto, (max-width: 945px) 100vw, 945px\" \/><\/figure>\n\n\n\n<p>De acuerdo con versiones preliminares, una motocicleta se habr\u00eda cruzado en la ruta del veh\u00edculo, obligando al conductor a realizar una maniobra brusca. El cami\u00f3n perdi\u00f3 el control, sali\u00f3 de la carretera y cay\u00f3 a un barranco.<\/p>\n\n\n\n<p>Minutos antes del accidente, habitantes de la zona captaron im\u00e1genes del cami\u00f3n avanzando lleno de personas que participaban en la caravana pol\u00edtica. Posteriormente, las fotograf\u00edas y videos difundidos en redes sociales reflejaron la consternaci\u00f3n de la poblaci\u00f3n al ver c\u00f3mo la celebraci\u00f3n se transformaba en dolor. <\/p>\n\n\n\n<p>En varias de esas im\u00e1genes se observan cuerpos de hombres y mujeres tendidos en la carretera, mientras decenas de pobladores corr\u00edan para auxiliar a los sobrevivientes en medio del caos.<\/p>\n\n\n\n<figure class=\"wp-block-image size-large\"><img alt=\"\" loading=\"lazy\" decoding=\"async\" width=\"767\" height=\"1024\" src=\"https:\/\/girasolmultimedios.com\/portal\/wp-content\/uploads\/image-60-767x1024.png\" alt=\"\" class=\"wp-image-2320\" srcset=\"https:\/\/girasolmultimedios.com\/portal\/wp-content\/uploads\/image-60-767x1024.png 767w, https:\/\/girasolmultimedios.com\/portal\/wp-content\/uploads\/image-60-225x300.png 225w, https:\/\/girasolmultimedios.com\/portal\/wp-content\/uploads\/image-60-112x150.png 112w, https:\/\/girasolmultimedios.com\/portal\/wp-content\/uploads\/image-60-768x1026.png 768w, https:\/\/girasolmultimedios.com\/portal\/wp-content\/uploads\/image-60-1150x1536.png 1150w, https:\/\/girasolmultimedios.com\/portal\/wp-content\/uploads\/image-60.png 1198w\" sizes=\"auto, (max-width: 767px) 100vw, 767px\" \/><\/figure>\n\n\n\n<h2 class=\"wp-block-heading\">Respuesta inmediata de las autoridades<\/h2>\n\n\n\n<p>Equipos m\u00e9dicos, bomberos y voluntarios llegaron de inmediato para atender a los heridos y trasladarlos a un centro asistencial de la zona. Personal de salud del hospital local tambi\u00e9n atendi\u00f3 a varios afectados en el lugar del accidente.<\/p>\n\n\n\n<p>Las autoridades policiales contin\u00faan trabajando en el informe oficial que establecer\u00e1 las causas exactas del siniestro. Hasta ahora, ninguna de las v\u00edctimas mortales cuenta con identificaci\u00f3n oficial.<\/p>\n\n\n\n<p>La diputada por Santa B\u00e1rbara y secretaria del Congreso Nacional, Ang\u00e9lica Smith, confirm\u00f3 en sus redes sociales que el n\u00famero de fallecidos asciende a ocho.<\/p>\n\n\n\n<p>\u00abMantenemos comunicaci\u00f3n con el alcalde Luis Perdomo y con Amable de Jes\u00fas Hern\u00e1ndez. Ambos ya activaron los equipos de rescate para brindar la asistencia necesaria. Que Dios fortalezca a las familias afectadas\u00bb, escribi\u00f3.<\/p>\n\n\n\n<p><\/p>\n","protected":false},"excerpt":{"rendered":"<p>Un ambiente de fiesta pol\u00edtica termin\u00f3 convertido en tragedia en la comunidad de Loma Larga, municipio de Colinas, Santa B\u00e1rbara. Un cami\u00f3n que trasladaba simpatizantes de los partidos Nacional y Liberal se precipit\u00f3 a un abismo, provocando la muerte de al menos nueve personas y dejando alrededor de 60 heridos. De acuerdo con versiones preliminares, [&hellip;]<\/p>\n","protected":false},"author":2,"featured_media":2319,"comment_status":"closed","ping_status":"open","sticky":false,"template":"","format":"standard","meta":{"_seopress_robots_primary_cat":"","_seopress_titles_title":"","_seopress_titles_desc":"","_seopress_robots_index":"","footnotes":""},"categories":[23],"tags":[25,214],"class_list":["post-2313","post","type-post","status-publish","format-standard","has-post-thumbnail","hentry","category-nacionales","tag-honduras","tag-sucesos"],"_links":{"self":[{"href":"https:\/\/girasolmultimedios.com\/portal\/wp-json\/wp\/v2\/posts\/2313","targetHints":{"allow":["GET"]}}],"collection":[{"href":"https:\/\/girasolmultimedios.com\/portal\/wp-json\/wp\/v2\/posts"}],"about":[{"href":"https:\/\/girasolmultimedios.com\/portal\/wp-json\/wp\/v2\/types\/post"}],"author":[{"embeddable":true,"href":"https:\/\/girasolmultimedios.com\/portal\/wp-json\/wp\/v2\/users\/2"}],"replies":[{"embeddable":true,"href":"https:\/\/girasolmultimedios.com\/portal\/wp-json\/wp\/v2\/comments?post=2313"}],"version-history":[{"count":1,"href":"https:\/\/girasolmultimedios.com\/portal\/wp-json\/wp\/v2\/posts\/2313\/revisions"}],"predecessor-version":[{"id":2327,"href":"https:\/\/girasolmultimedios.com\/portal\/wp-json\/wp\/v2\/posts\/2313\/revisions\/2327"}],"wp:featuredmedia":[{"embeddable":true,"href":"https:\/\/girasolmultimedios.com\/portal\/wp-json\/wp\/v2\/media\/2319"}],"wp:attachment":[{"href":"https:\/\/girasolmultimedios.com\/portal\/wp-json\/wp\/v2\/media?parent=2313"}],"wp:term":[{"taxonomy":"category","embeddable":true,"href":"https:\/\/girasolmultimedios.com\/portal\/wp-json\/wp\/v2\/categories?post=2313"},{"taxonomy":"post_tag","embeddable":true,"href":"https:\/\/girasolmultimedios.com\/portal\/wp-json\/wp\/v2\/tags?post=2313"}],"curies":[{"name":"wp","href":"https:\/\/api.w.org\/{rel}","templated":true}]}}