{"id":2329,"date":"2025-11-24T10:59:33","date_gmt":"2025-11-24T16:59:33","guid":{"rendered":"https:\/\/girasolmultimedios.com\/portal\/?p=2329"},"modified":"2025-11-24T10:59:34","modified_gmt":"2025-11-24T16:59:34","slug":"unos-1-500-afectados-en-colombia-por-la-alerta-de-ee-uu-en-la-zona-aerea-de-venezuela","status":"publish","type":"post","link":"https:\/\/girasolmultimedios.com\/portal\/unos-1-500-afectados-en-colombia-por-la-alerta-de-ee-uu-en-la-zona-aerea-de-venezuela\/","title":{"rendered":"Unos 1.500 afectados en Colombia por la alerta de EE.UU. en la zona a\u00e9rea de Venezuela"},"content":{"rendered":"\n<p>Unos 1.500 viajeros han resultado afectados en Colombia por la decisi\u00f3n de la Administraci\u00f3n Federal de Aviaci\u00f3n de Estados Unidos (FAA) de emitir un aviso internacional que inst\u00f3 a los vuelos comerciales a \u00abextremar la precauci\u00f3n\u00bb al sobrevolar Venezuela y el sur del mar Caribe, informaron este lunes las autoridades.<\/p>\n\n\n\n<p>\u00abLas aerol\u00edneas que operan entre Colombia y Venezuela han tomado decisiones aut\u00f3nomas con el fin de proteger la seguridad de los pasajeros y sus operaciones, lo que ha generado cancelaciones y afectaciones para aproximadamente 1.500 viajeros, principalmente en Bogot\u00e1\u00bb, expres\u00f3 la estatal Aeron\u00e1utica Civil (Aerocivil) en un comunicado.<\/p>\n\n\n\n<p>La FAA explic\u00f3 el viernes que el deterioro de las condiciones de seguridad y el incremento de la actividad militar en y alrededor de Venezuela elevan el nivel de riesgo para las aeronaves que operan en esa regi\u00f3n.<\/p>\n\n\n\n<figure class=\"wp-block-embed is-type-rich is-provider-twitter wp-block-embed-twitter\"><div class=\"wp-block-embed__wrapper\">\n<blockquote class=\"twitter-tweet\" data-width=\"550\" data-dnt=\"true\"><p lang=\"es\" dir=\"ltr\">Frente a los desv\u00edos de rutas de aerol\u00edneas europeas y sudamericanas que normalmente sobrevuelan territorio venezolano, la Aerocivil fortaleci\u00f3 sus capacidades de vigilancia, control y comunicaciones para garantizar la prestaci\u00f3n segura de servicios de tr\u00e1nsito a\u00e9reo. \ud83d\udc47\ud83c\udffd <a href=\"https:\/\/t.co\/Ro5qFEqFEd\">pic.twitter.com\/Ro5qFEqFEd<\/a><\/p>&mdash; Aeron\u00e1utica Civil (@AerocivilCol) <a href=\"https:\/\/twitter.com\/AerocivilCol\/status\/1992937203077710226?ref_src=twsrc%5Etfw\">November 24, 2025<\/a><\/blockquote><script async src=\"https:\/\/platform.twitter.com\/widgets.js\" charset=\"utf-8\"><\/script>\n<\/div><\/figure>\n\n\n\n<h2 class=\"wp-block-heading\" id=\"h-las-cancelaciones-de-vuelos\">Las cancelaciones de vuelos<\/h2>\n\n\n\n<p>Por esa raz\u00f3n,\u00a0Latam Airlines, la aerol\u00ednea m\u00e1s grande de Am\u00e9rica Latina, confirm\u00f3 la cancelaci\u00f3n de los vuelos\u00a0programados para el domingo y el lunes desde Bogot\u00e1 a Caracas.<\/p>\n\n\n\n<p>La aerol\u00ednea colombiana Avianca tambi\u00e9n cancel\u00f3 desde el s\u00e1bado sus dos vuelos diarios a Venezuela, que salen de Bogot\u00e1 a Caracas.<\/p>\n\n\n\n<p>\u00abNo obstante, algunas compa\u00f1\u00edas, como (las colombianas) Satena y Wingo, han mantenido su operaci\u00f3n regular\u00bb, manifest\u00f3 la autoridad a\u00e9rea colombiana este lunes.<\/p>\n\n\n\n<p>Frente a la decisi\u00f3n de la FAA, la Aerocivil recalc\u00f3 que \u00abfortaleci\u00f3 sus capacidades de vigilancia, control y comunicaciones para garantizar la prestaci\u00f3n segura de servicios de tr\u00e1nsito a\u00e9reo en el espacio a\u00e9reo colombiano\u00bb.<\/p>\n\n\n\n<p>\u00abEste lunes se realizar\u00e1 una reuni\u00f3n clave con autoridades de aviaci\u00f3n de la regi\u00f3n y con las aerol\u00edneas afectadas para coordinar medidas de mitigaci\u00f3n, compartir cifras reales de impacto y avanzar en la normalizaci\u00f3n de las operaciones a la mayor brevedad posible\u00bb, agreg\u00f3 la informaci\u00f3n.<\/p>\n\n\n\n<p>La cancelaci\u00f3n de vuelos\u00a0coincide con el despliegue militar ordenado en agosto pasado por el presidente estadounidense, Donald Trump, en el mar Caribe con el objetivo de combatir el narcotr\u00e1fico.<\/p>\n\n\n\n<p>Sin embargo, el Gobierno del presidente de Venezuela, Nicol\u00e1s Maduro, interpreta este movimiento como una \u00abamenaza\u00bb de \u00abinvasi\u00f3n\u00bb y un intento de propiciar un \u00abcambio de r\u00e9gimen\u00bb en el pa\u00eds suramericano. EFE<\/p>\n","protected":false},"excerpt":{"rendered":"<p>Unos 1.500 viajeros han resultado afectados en Colombia por la decisi\u00f3n de la Administraci\u00f3n Federal de Aviaci\u00f3n de Estados Unidos (FAA) de emitir un aviso internacional que inst\u00f3 a los vuelos comerciales a \u00abextremar la precauci\u00f3n\u00bb al sobrevolar Venezuela y el sur del mar Caribe, informaron este lunes las autoridades. \u00abLas aerol\u00edneas que operan entre [&hellip;]<\/p>\n","protected":false},"author":2,"featured_media":2330,"comment_status":"closed","ping_status":"open","sticky":false,"template":"","format":"standard","meta":{"_seopress_robots_primary_cat":"","_seopress_titles_title":"","_seopress_titles_desc":"","_seopress_robots_index":"","footnotes":""},"categories":[45],"tags":[102,112],"class_list":["post-2329","post","type-post","status-publish","format-standard","has-post-thumbnail","hentry","category-internacionales","tag-eeuu","tag-venezuela"],"_links":{"self":[{"href":"https:\/\/girasolmultimedios.com\/portal\/wp-json\/wp\/v2\/posts\/2329","targetHints":{"allow":["GET"]}}],"collection":[{"href":"https:\/\/girasolmultimedios.com\/portal\/wp-json\/wp\/v2\/posts"}],"about":[{"href":"https:\/\/girasolmultimedios.com\/portal\/wp-json\/wp\/v2\/types\/post"}],"author":[{"embeddable":true,"href":"https:\/\/girasolmultimedios.com\/portal\/wp-json\/wp\/v2\/users\/2"}],"replies":[{"embeddable":true,"href":"https:\/\/girasolmultimedios.com\/portal\/wp-json\/wp\/v2\/comments?post=2329"}],"version-history":[{"count":1,"href":"https:\/\/girasolmultimedios.com\/portal\/wp-json\/wp\/v2\/posts\/2329\/revisions"}],"predecessor-version":[{"id":2331,"href":"https:\/\/girasolmultimedios.com\/portal\/wp-json\/wp\/v2\/posts\/2329\/revisions\/2331"}],"wp:featuredmedia":[{"embeddable":true,"href":"https:\/\/girasolmultimedios.com\/portal\/wp-json\/wp\/v2\/media\/2330"}],"wp:attachment":[{"href":"https:\/\/girasolmultimedios.com\/portal\/wp-json\/wp\/v2\/media?parent=2329"}],"wp:term":[{"taxonomy":"category","embeddable":true,"href":"https:\/\/girasolmultimedios.com\/portal\/wp-json\/wp\/v2\/categories?post=2329"},{"taxonomy":"post_tag","embeddable":true,"href":"https:\/\/girasolmultimedios.com\/portal\/wp-json\/wp\/v2\/tags?post=2329"}],"curies":[{"name":"wp","href":"https:\/\/api.w.org\/{rel}","templated":true}]}}