{"id":2335,"date":"2025-11-25T09:41:39","date_gmt":"2025-11-25T15:41:39","guid":{"rendered":"https:\/\/girasolmultimedios.com\/portal\/?p=2335"},"modified":"2025-11-25T09:41:39","modified_gmt":"2025-11-25T15:41:39","slug":"inicia-salida-del-material-electoral-desde-el-cle-hacia-el-departamento-de-olancho","status":"publish","type":"post","link":"https:\/\/girasolmultimedios.com\/portal\/inicia-salida-del-material-electoral-desde-el-cle-hacia-el-departamento-de-olancho\/","title":{"rendered":"Inicia salida del material electoral desde el CLE hacia el departamento de Olancho"},"content":{"rendered":"\n<p>El Centro Log\u00edstico Electoral (CLE) comenz\u00f3 este martes el despacho del material electoral destinado al departamento de\u00a0Olancho, como parte del cronograma oficial previo a las elecciones generales del pr\u00f3ximo domingo 30 de noviembre.<\/p>\n\n\n\n<p>Las maletas electorales, que contienen la documentaci\u00f3n y equipo necesario para la instalaci\u00f3n de las Juntas Receptoras de Votos (JRV), fueron enviadas con su respectivo dispositivo GPS, lo que permitir\u00e1 a las autoridades monitorear en tiempo real su recorrido y garantizar la seguridad del material.<\/p>\n\n\n\n<p>De acuerdo con el calendario del Consejo Nacional Electoral (CNE), alrededor del mediod\u00eda tambi\u00e9n est\u00e1 programada la salida de las maletas de los departamentos de Choluteca y Valle.<\/p>\n\n\n\n<p>Hasta el momento, el material ya fue distribuido en 11 departamentos del pa\u00eds, y se prev\u00e9 que entre hoy martes y ma\u00f1ana mi\u00e9rcoles se complete la cobertura nacional. El pr\u00f3ximo s\u00e1bado est\u00e1 programada la distribuci\u00f3n correspondiente al departamento de Francisco Moraz\u00e1n.<\/p>\n\n\n\n<p>Este domingo, 30 de noviembre, un total de 6.3 millones de hondure\u00f1os est\u00e1n convocados a ejercer el sufragio para elegir a las autoridades que dirigir\u00e1n Honduras durante los pr\u00f3ximos cuatro a\u00f1os.<\/p>\n","protected":false},"excerpt":{"rendered":"<p>El Centro Log\u00edstico Electoral (CLE) comenz\u00f3 este martes el despacho del material electoral destinado al departamento de\u00a0Olancho, como parte del cronograma oficial previo a las elecciones generales del pr\u00f3ximo domingo 30 de noviembre. Las maletas electorales, que contienen la documentaci\u00f3n y equipo necesario para la instalaci\u00f3n de las Juntas Receptoras de Votos (JRV), fueron enviadas [&hellip;]<\/p>\n","protected":false},"author":2,"featured_media":2336,"comment_status":"closed","ping_status":"open","sticky":false,"template":"","format":"standard","meta":{"_seopress_robots_primary_cat":"","_seopress_titles_title":"","_seopress_titles_desc":"","_seopress_robots_index":"","footnotes":""},"categories":[1],"tags":[],"class_list":["post-2335","post","type-post","status-publish","format-standard","has-post-thumbnail","hentry","category-sin-categoria"],"_links":{"self":[{"href":"https:\/\/girasolmultimedios.com\/portal\/wp-json\/wp\/v2\/posts\/2335","targetHints":{"allow":["GET"]}}],"collection":[{"href":"https:\/\/girasolmultimedios.com\/portal\/wp-json\/wp\/v2\/posts"}],"about":[{"href":"https:\/\/girasolmultimedios.com\/portal\/wp-json\/wp\/v2\/types\/post"}],"author":[{"embeddable":true,"href":"https:\/\/girasolmultimedios.com\/portal\/wp-json\/wp\/v2\/users\/2"}],"replies":[{"embeddable":true,"href":"https:\/\/girasolmultimedios.com\/portal\/wp-json\/wp\/v2\/comments?post=2335"}],"version-history":[{"count":1,"href":"https:\/\/girasolmultimedios.com\/portal\/wp-json\/wp\/v2\/posts\/2335\/revisions"}],"predecessor-version":[{"id":2337,"href":"https:\/\/girasolmultimedios.com\/portal\/wp-json\/wp\/v2\/posts\/2335\/revisions\/2337"}],"wp:featuredmedia":[{"embeddable":true,"href":"https:\/\/girasolmultimedios.com\/portal\/wp-json\/wp\/v2\/media\/2336"}],"wp:attachment":[{"href":"https:\/\/girasolmultimedios.com\/portal\/wp-json\/wp\/v2\/media?parent=2335"}],"wp:term":[{"taxonomy":"category","embeddable":true,"href":"https:\/\/girasolmultimedios.com\/portal\/wp-json\/wp\/v2\/categories?post=2335"},{"taxonomy":"post_tag","embeddable":true,"href":"https:\/\/girasolmultimedios.com\/portal\/wp-json\/wp\/v2\/tags?post=2335"}],"curies":[{"name":"wp","href":"https:\/\/api.w.org\/{rel}","templated":true}]}}