{"id":2347,"date":"2025-11-25T10:08:06","date_gmt":"2025-11-25T16:08:06","guid":{"rendered":"https:\/\/girasolmultimedios.com\/portal\/?p=2347"},"modified":"2025-11-25T10:08:06","modified_gmt":"2025-11-25T16:08:06","slug":"profundo-dolor-en-velatorio-de-victimas-del-fatal-accidente-en-san-jose-de-colinas","status":"publish","type":"post","link":"https:\/\/girasolmultimedios.com\/portal\/profundo-dolor-en-velatorio-de-victimas-del-fatal-accidente-en-san-jose-de-colinas\/","title":{"rendered":"Profundo dolor en velatorio de v\u00edctimas del fatal accidente en San Jos\u00e9 de Colinas"},"content":{"rendered":"\n<p>En un ambiente de profundo dolor se desarroll\u00f3 el velatorio de las personas fallecidas en el tr\u00e1gico accidente ocurrido la tarde del domingo en San Jos\u00e9 de Colinas, Santa B\u00e1rbara, donde un cami\u00f3n que participaba en una caravana pol\u00edtica perdi\u00f3 los frenos y se volc\u00f3, dejando al menos nueve muertos y m\u00e1s de 30 heridos.<\/p>\n\n\n\n<p>Entre las v\u00edctimas se encuentra Gustavo Sabill\u00f3n, uno de los seis j\u00f3venes de una misma familia de la comunidad de Loma Larga, cuya partida ha dejado consternados a sus seres queridos y vecinos.<\/p>\n\n\n\n<p>\u201cMam\u00e1 siempre estar\u00e1 all\u00ed\u201d, expresaron familiares durante el velatorio, en medio de l\u00e1grimas y mensajes de solidaridad hacia la familia Sabill\u00f3n, que enfrenta una de las p\u00e9rdidas m\u00e1s dolorosas registradas en la zona.<\/p>\n\n\n\n<p>El accidente, seg\u00fan la Direcci\u00f3n Nacional de Vialidad y Transporte (DNVT), fue provocado por una falla mec\u00e1nica en la palanca de cambios del cami\u00f3n, sumada a la impericia del conductor. El veh\u00edculo qued\u00f3 en punto muerto mientras descend\u00eda una pendiente, lo que ocasion\u00f3 el fatal desenlace.<\/p>\n\n\n\n<p>La tragedia ha generado una ola de solidaridad en todo el pa\u00eds. El candidato presidencial Salvador Nasralla acudi\u00f3 personalmente a los velatorios en Loma Larga, acompa\u00f1ado de su esposa Iroshka Elvir, donde expres\u00f3 su apoyo a las familias afectadas y no pudo contener las l\u00e1grimas al compartir el dolor de los dolientes.<\/p>\n\n\n\n<p>Las autoridades locales y nacionales han prometido acompa\u00f1ar a las familias en este dif\u00edcil momento, mientras se realizan investigaciones para esclarecer responsabilidades y garantizar que hechos similares no vuelvan a repetirse.<\/p>\n\n\n\n<p>La comunidad de Colinas se encuentra de luto, y miles de hondure\u00f1os han manifestado su pesar en redes sociales, enviando mensajes de fuerza y solidaridad.<\/p>\n\n\n\n<p>El velatorio de las v\u00edctimas se ha convertido en un s\u00edmbolo de unidad y resiliencia frente a la tragedia, recordando que la vida de cada uno de los j\u00f3venes ser\u00e1 honrada en la memoria colectiva de Santa B\u00e1rbara.<\/p>\n","protected":false},"excerpt":{"rendered":"<p>En un ambiente de profundo dolor se desarroll\u00f3 el velatorio de las personas fallecidas en el tr\u00e1gico accidente ocurrido la tarde del domingo en San Jos\u00e9 de Colinas, Santa B\u00e1rbara, donde un cami\u00f3n que participaba en una caravana pol\u00edtica perdi\u00f3 los frenos y se volc\u00f3, dejando al menos nueve muertos y m\u00e1s de 30 heridos. [&hellip;]<\/p>\n","protected":false},"author":2,"featured_media":2348,"comment_status":"closed","ping_status":"open","sticky":false,"template":"","format":"standard","meta":{"_seopress_robots_primary_cat":"","_seopress_titles_title":"","_seopress_titles_desc":"","_seopress_robots_index":"","footnotes":""},"categories":[1],"tags":[],"class_list":["post-2347","post","type-post","status-publish","format-standard","has-post-thumbnail","hentry","category-sin-categoria"],"_links":{"self":[{"href":"https:\/\/girasolmultimedios.com\/portal\/wp-json\/wp\/v2\/posts\/2347","targetHints":{"allow":["GET"]}}],"collection":[{"href":"https:\/\/girasolmultimedios.com\/portal\/wp-json\/wp\/v2\/posts"}],"about":[{"href":"https:\/\/girasolmultimedios.com\/portal\/wp-json\/wp\/v2\/types\/post"}],"author":[{"embeddable":true,"href":"https:\/\/girasolmultimedios.com\/portal\/wp-json\/wp\/v2\/users\/2"}],"replies":[{"embeddable":true,"href":"https:\/\/girasolmultimedios.com\/portal\/wp-json\/wp\/v2\/comments?post=2347"}],"version-history":[{"count":1,"href":"https:\/\/girasolmultimedios.com\/portal\/wp-json\/wp\/v2\/posts\/2347\/revisions"}],"predecessor-version":[{"id":2349,"href":"https:\/\/girasolmultimedios.com\/portal\/wp-json\/wp\/v2\/posts\/2347\/revisions\/2349"}],"wp:featuredmedia":[{"embeddable":true,"href":"https:\/\/girasolmultimedios.com\/portal\/wp-json\/wp\/v2\/media\/2348"}],"wp:attachment":[{"href":"https:\/\/girasolmultimedios.com\/portal\/wp-json\/wp\/v2\/media?parent=2347"}],"wp:term":[{"taxonomy":"category","embeddable":true,"href":"https:\/\/girasolmultimedios.com\/portal\/wp-json\/wp\/v2\/categories?post=2347"},{"taxonomy":"post_tag","embeddable":true,"href":"https:\/\/girasolmultimedios.com\/portal\/wp-json\/wp\/v2\/tags?post=2347"}],"curies":[{"name":"wp","href":"https:\/\/api.w.org\/{rel}","templated":true}]}}