{"id":2369,"date":"2025-11-26T09:46:28","date_gmt":"2025-11-26T15:46:28","guid":{"rendered":"https:\/\/girasolmultimedios.com\/portal\/?p=2369"},"modified":"2025-11-26T09:46:29","modified_gmt":"2025-11-26T15:46:29","slug":"asesinan-a-balazos-a-empleado-de-la-proteccion-portuaria-en-puerto-cortes","status":"publish","type":"post","link":"https:\/\/girasolmultimedios.com\/portal\/asesinan-a-balazos-a-empleado-de-la-proteccion-portuaria-en-puerto-cortes\/","title":{"rendered":"Asesinan a balazos a empleado de la Protecci\u00f3n Portuaria en Puerto Cort\u00e9s"},"content":{"rendered":"\n<p>La tranquilidad del barrio Buenos Aires,\u00a0Puerto Cort\u00e9s, se vio interrumpida este mi\u00e9rcoles tras el asesinato de Guillermo Bonilla, un empleado de la Unidad de Protecci\u00f3n Portuaria (UPP), quien fue atacado a disparos mientras se encontraba en la v\u00eda p\u00fablica.<\/p>\n\n\n\n<p>Testigos informaron que se escuch\u00f3 una fuerte r\u00e1faga de disparos, lo que provoc\u00f3 que varios vecinos salieran de sus viviendas alarmados por la situaci\u00f3n. Minutos despu\u00e9s, se confirm\u00f3 que Bonilla hab\u00eda recibido m\u00faltiples impactos de bala y no presentaba signos vitales.<\/p>\n\n\n\n<p>El hecho caus\u00f3 consternaci\u00f3n en la comunidad debido a que la v\u00edctima era conocida en la zona por su labor en el puerto.<\/p>\n\n\n\n<p>Hasta el momento, no se conoce la identidad o el paradero de los responsables del ataque. Agentes policiales llegaron al lugar para recolectar evidencias y testimonios, mientras que personal de Medicina Forense realiz\u00f3 el levantamiento del cuerpo.<\/p>\n\n\n\n<p>Las autoridades contin\u00faan las investigaciones para determinar el m\u00f3vil del crimen y dar con los culpables.<\/p>\n","protected":false},"excerpt":{"rendered":"<p>La tranquilidad del barrio Buenos Aires,\u00a0Puerto Cort\u00e9s, se vio interrumpida este mi\u00e9rcoles tras el asesinato de Guillermo Bonilla, un empleado de la Unidad de Protecci\u00f3n Portuaria (UPP), quien fue atacado a disparos mientras se encontraba en la v\u00eda p\u00fablica. Testigos informaron que se escuch\u00f3 una fuerte r\u00e1faga de disparos, lo que provoc\u00f3 que varios vecinos [&hellip;]<\/p>\n","protected":false},"author":2,"featured_media":2370,"comment_status":"closed","ping_status":"open","sticky":false,"template":"","format":"standard","meta":{"_seopress_robots_primary_cat":"","_seopress_titles_title":"","_seopress_titles_desc":"","_seopress_robots_index":"","footnotes":""},"categories":[1],"tags":[],"class_list":["post-2369","post","type-post","status-publish","format-standard","has-post-thumbnail","hentry","category-sin-categoria"],"_links":{"self":[{"href":"https:\/\/girasolmultimedios.com\/portal\/wp-json\/wp\/v2\/posts\/2369","targetHints":{"allow":["GET"]}}],"collection":[{"href":"https:\/\/girasolmultimedios.com\/portal\/wp-json\/wp\/v2\/posts"}],"about":[{"href":"https:\/\/girasolmultimedios.com\/portal\/wp-json\/wp\/v2\/types\/post"}],"author":[{"embeddable":true,"href":"https:\/\/girasolmultimedios.com\/portal\/wp-json\/wp\/v2\/users\/2"}],"replies":[{"embeddable":true,"href":"https:\/\/girasolmultimedios.com\/portal\/wp-json\/wp\/v2\/comments?post=2369"}],"version-history":[{"count":1,"href":"https:\/\/girasolmultimedios.com\/portal\/wp-json\/wp\/v2\/posts\/2369\/revisions"}],"predecessor-version":[{"id":2371,"href":"https:\/\/girasolmultimedios.com\/portal\/wp-json\/wp\/v2\/posts\/2369\/revisions\/2371"}],"wp:featuredmedia":[{"embeddable":true,"href":"https:\/\/girasolmultimedios.com\/portal\/wp-json\/wp\/v2\/media\/2370"}],"wp:attachment":[{"href":"https:\/\/girasolmultimedios.com\/portal\/wp-json\/wp\/v2\/media?parent=2369"}],"wp:term":[{"taxonomy":"category","embeddable":true,"href":"https:\/\/girasolmultimedios.com\/portal\/wp-json\/wp\/v2\/categories?post=2369"},{"taxonomy":"post_tag","embeddable":true,"href":"https:\/\/girasolmultimedios.com\/portal\/wp-json\/wp\/v2\/tags?post=2369"}],"curies":[{"name":"wp","href":"https:\/\/api.w.org\/{rel}","templated":true}]}}