{"id":2372,"date":"2025-11-26T09:52:22","date_gmt":"2025-11-26T15:52:22","guid":{"rendered":"https:\/\/girasolmultimedios.com\/portal\/?p=2372"},"modified":"2025-11-26T09:52:23","modified_gmt":"2025-11-26T15:52:23","slug":"apresan-a-exmilitar-adicto-a-drogas-por-crimen-de-nina-kimberly-sabillon-barahona","status":"publish","type":"post","link":"https:\/\/girasolmultimedios.com\/portal\/apresan-a-exmilitar-adicto-a-drogas-por-crimen-de-nina-kimberly-sabillon-barahona\/","title":{"rendered":"Apresan a exmilitar adicto a drogas por crimen de ni\u00f1a Kimberly Sabill\u00f3n Barahona"},"content":{"rendered":"\n<p>Un exmilitar adicto a las drogas fue detenido por agentes de la Polic\u00eda Nacional se\u00f1alado del ultraje sexual y repudiable crimen de una indefensa ni\u00f1a de seis a\u00f1itos, perpetrado con machete la ma\u00f1ana del lunes, en la comunidad El Para\u00edso, Petoa, Santa B\u00e1rbara.<\/p>\n\n\n\n<p>La Polic\u00eda confirm\u00f3 el arresto de William Jonat\u00e1n Reyes Pineda (28), alias \u201cCabez\u00f3n\u201d, originario y residente en ese sector, acusado por la muerte violenta de Kimberly Sabill\u00f3n Barahona, reci\u00e9n egresada con excelencia acad\u00e9mica de primer grado.<\/p>\n\n\n\n<p>Altos mandos de la Direcci\u00f3n Policial de Investigaciones (DPI) enviaron un equipo especializado desde San Pedro Sula para fortalecer las pesquisas.<\/p>\n\n\n\n<p>En este proceso se han tomado pruebas testificales, t\u00e9cnico-cient\u00edficas y biol\u00f3gicas.<br>\u201cSeg\u00fan lo que conocemos por los investigadores de manera preliminar, el sospechoso habr\u00eda estado, supuestamente, bajo los efectos de sustancias al momento de cometer estos hechos, debido a que al momento de ser requerido presentaba estos signos\u201d, revel\u00f3 el subinspector de la Polic\u00eda Nacional, Alejandro Valladares.<\/p>\n\n\n\n<p>No obstante, la investigaci\u00f3n contin\u00faa en curso y se solicitar\u00e1 la respectiva orden de captura ante el juez competente para formalizar la investigaci\u00f3n en contra del sospechoso, quien ser\u00eda el presunto responsable directo del hecho.<\/p>\n\n\n\n<p>Juan Sabill\u00f3n, t\u00edo de la menor, relat\u00f3 a los medios el drama que vivi\u00f3 su familia desde la desaparici\u00f3n de la ni\u00f1a.<\/p>\n\n\n\n<p>Seg\u00fan cont\u00f3, desde las 12 del mediod\u00eda que les avisaron que hab\u00eda desaparecido comenzaron a buscarla. Conteniendo las l\u00e1grimas asegur\u00f3 que cuando la comunidad se enter\u00f3 comenzaron a ayudarles a buscarla, incluso el sospechoso se uni\u00f3 a la b\u00fasqueda.<\/p>\n\n\n\n<h2 class=\"wp-block-heading\"><strong>LA MANDARON A PULPER\u00cdA<\/strong><\/h2>\n\n\n\n<p>La peque\u00f1ita sali\u00f3 sola a realizar un mandado para su abuelita, quien ese d\u00eda estaba enferma. \u201cNo sab\u00eda nada y la ni\u00f1a solo fue a hacer su mandadito y ya no regres\u00f3. En el camino la agarr\u00f3 el malviviente. Desde las doce, doce y media anduvimos busc\u00e1ndola, y ya como a las cinco y media, seis de la tarde la encontramos\u201d, record\u00f3.<\/p>\n\n\n\n<p>\u201cLa encontramos en un zanj\u00f3n, boquita abajo, cubierta con hojas de guineo. Ten\u00eda el pantal\u00f3n quitado, la blusita la conservaba puesta; la dejaron tapada con unas hojas, por eso no la pod\u00edamos encontrar\u201d, relat\u00f3, con un dolor que se percib\u00eda en cada palabra.<\/p>\n\n\n\n<p>Sobre el sospechoso, Juan Subill\u00f3n indic\u00f3 que se trata de un joven reci\u00e9n llegado a la comunidad, conocido por su conducta sospechosa y por consumir drogas. \u201cS\u00ed, supuestamente tienen una persona detenida, un muchacho que reci\u00e9n hab\u00eda llegado al pueblo. Andaba bebiendo y drogado; lo \u00fanico que sabemos es que es el \u00fanico que act\u00faa as\u00ed en el pueblo. No sabemos su nombre, reci\u00e9n hab\u00eda llegado a esta comunidad\u201d, explic\u00f3.<\/p>\n\n\n\n<p>El t\u00edo continu\u00f3 explicando c\u00f3mo ocurrieron los hechos ese d\u00eda. \u201cLa abuelita siempre la acompa\u00f1aba, pero ese d\u00eda estaba enferma, as\u00ed que tuvo que salir sola. Como a las 11 la envi\u00f3 a comprar unas malteadas, y cuando ven\u00eda, el individuo la estaba esperando por la escuela. Quiz\u00e1s le agarr\u00f3 fuerza, porque una ni\u00f1a de seis a\u00f1os es indefensa y se la llev\u00f3 hacia abajo dejando las malteadas sobre una mesita, para que no quedara evidencia\u201d, relat\u00f3.<\/p>\n\n\n\n<p>Con un mensaje firme, Juan exigi\u00f3 justicia: \u201cQue act\u00fae la Polic\u00eda y que le pongan el peor castigo que exista. Si no lo hacen ellos, a nosotros tocar\u00e1 actuar\u2026 pero queremos que la ley haga su trabajo\u201d, enfatiz\u00f3, reflejando la indignaci\u00f3n de toda la familia.<\/p>\n\n\n\n<p>Kimberly Sabill\u00f3n Barahona como una ni\u00f1a excepcional, cari\u00f1osa, amable y muy inteligente: a sus seis a\u00f1os ya hab\u00eda salido de primer grado y en septiembre pasado fue aplaudida por sus compa\u00f1eritos, padres de familia y maestros por recitar una bella poes\u00eda en honor a la patria.<\/p>\n\n\n\n<p>\u201cEra un angelito de Dios, lo m\u00e1s bonito que pod\u00eda ver, toda la gente la quer\u00eda porque era una ni\u00f1a bonita, amable e inteligent\u00edsima. Ten\u00eda seis a\u00f1os y estaba por comenzar segundo grado. Viv\u00eda con sus abuelos, \u00fanica hija de mi hermano, y era muy cari\u00f1osa con todos\u201d, concluy\u00f3.<a href=\"https:\/\/cdn.latribuna.hn\/wp-content\/uploads\/2025\/11\/SEGUIMIENTO-PETOA-1.jpg\"><\/a><\/p>\n","protected":false},"excerpt":{"rendered":"<p>Un exmilitar adicto a las drogas fue detenido por agentes de la Polic\u00eda Nacional se\u00f1alado del ultraje sexual y repudiable crimen de una indefensa ni\u00f1a de seis a\u00f1itos, perpetrado con machete la ma\u00f1ana del lunes, en la comunidad El Para\u00edso, Petoa, Santa B\u00e1rbara. La Polic\u00eda confirm\u00f3 el arresto de William Jonat\u00e1n Reyes Pineda (28), alias [&hellip;]<\/p>\n","protected":false},"author":2,"featured_media":2373,"comment_status":"closed","ping_status":"open","sticky":false,"template":"","format":"standard","meta":{"_seopress_robots_primary_cat":"","_seopress_titles_title":"","_seopress_titles_desc":"","_seopress_robots_index":"","footnotes":""},"categories":[1],"tags":[],"class_list":["post-2372","post","type-post","status-publish","format-standard","has-post-thumbnail","hentry","category-sin-categoria"],"_links":{"self":[{"href":"https:\/\/girasolmultimedios.com\/portal\/wp-json\/wp\/v2\/posts\/2372","targetHints":{"allow":["GET"]}}],"collection":[{"href":"https:\/\/girasolmultimedios.com\/portal\/wp-json\/wp\/v2\/posts"}],"about":[{"href":"https:\/\/girasolmultimedios.com\/portal\/wp-json\/wp\/v2\/types\/post"}],"author":[{"embeddable":true,"href":"https:\/\/girasolmultimedios.com\/portal\/wp-json\/wp\/v2\/users\/2"}],"replies":[{"embeddable":true,"href":"https:\/\/girasolmultimedios.com\/portal\/wp-json\/wp\/v2\/comments?post=2372"}],"version-history":[{"count":1,"href":"https:\/\/girasolmultimedios.com\/portal\/wp-json\/wp\/v2\/posts\/2372\/revisions"}],"predecessor-version":[{"id":2374,"href":"https:\/\/girasolmultimedios.com\/portal\/wp-json\/wp\/v2\/posts\/2372\/revisions\/2374"}],"wp:featuredmedia":[{"embeddable":true,"href":"https:\/\/girasolmultimedios.com\/portal\/wp-json\/wp\/v2\/media\/2373"}],"wp:attachment":[{"href":"https:\/\/girasolmultimedios.com\/portal\/wp-json\/wp\/v2\/media?parent=2372"}],"wp:term":[{"taxonomy":"category","embeddable":true,"href":"https:\/\/girasolmultimedios.com\/portal\/wp-json\/wp\/v2\/categories?post=2372"},{"taxonomy":"post_tag","embeddable":true,"href":"https:\/\/girasolmultimedios.com\/portal\/wp-json\/wp\/v2\/tags?post=2372"}],"curies":[{"name":"wp","href":"https:\/\/api.w.org\/{rel}","templated":true}]}}