{"id":2378,"date":"2025-11-26T10:01:16","date_gmt":"2025-11-26T16:01:16","guid":{"rendered":"https:\/\/girasolmultimedios.com\/portal\/?p=2378"},"modified":"2025-11-26T10:01:17","modified_gmt":"2025-11-26T16:01:17","slug":"honduras-aumenta-78-sus-exportaciones-de-cafe-en-nueva-cosecha","status":"publish","type":"post","link":"https:\/\/girasolmultimedios.com\/portal\/honduras-aumenta-78-sus-exportaciones-de-cafe-en-nueva-cosecha\/","title":{"rendered":"Honduras aumenta 78% sus exportaciones de caf\u00e9 en nueva cosecha"},"content":{"rendered":"\n<p>El viceministro de\u00a0Caficultura, Carlos Murillo, inform\u00f3 que Honduras increment\u00f3 en 78 % la exportaci\u00f3n de caf\u00e9 durante los primeros dos meses de la cosecha 2025-2026, pese a que se trata de una producci\u00f3n a\u00fan joven.<\/p>\n\n\n\n<p>Murillo detall\u00f3 que el pa\u00eds ya export\u00f3 376 mil quintales, un aumento significativo respecto al mismo periodo del a\u00f1o anterior.<\/p>\n\n\n\n<p>El funcionario proyect\u00f3 que la cosecha generar\u00e1 2,500 millones de d\u00f3lares en divisas, lo que representa un impulso importante para la econom\u00eda nacional.<\/p>\n\n\n\n<p>Record\u00f3 que Honduras es el mayor exportador de caf\u00e9 de la regi\u00f3n, con un ciclo cafetero que inicia cada 1 de octubre y concluye el 30 de septiembre del siguiente a\u00f1o.<\/p>\n\n\n\n<p>Murillo destac\u00f3 que m\u00e1s de 120 mil productores, en su mayor\u00eda peque\u00f1os caficultores, dependen de esta actividad, la cual genera cerca de un mill\u00f3n de empleos en labores de corte, beneficiado h\u00famedo y seco, y transporte.<\/p>\n\n\n\n<p>El viceministro subray\u00f3 que la caficultura sigue siendo el rubro de mayor aporte econ\u00f3mico para el pa\u00eds y reafirm\u00f3 la expectativa de una cosecha positiva para el 2025-2026.<\/p>\n","protected":false},"excerpt":{"rendered":"<p>El viceministro de\u00a0Caficultura, Carlos Murillo, inform\u00f3 que Honduras increment\u00f3 en 78 % la exportaci\u00f3n de caf\u00e9 durante los primeros dos meses de la cosecha 2025-2026, pese a que se trata de una producci\u00f3n a\u00fan joven. Murillo detall\u00f3 que el pa\u00eds ya export\u00f3 376 mil quintales, un aumento significativo respecto al mismo periodo del a\u00f1o anterior. [&hellip;]<\/p>\n","protected":false},"author":2,"featured_media":2379,"comment_status":"closed","ping_status":"open","sticky":false,"template":"","format":"standard","meta":{"_seopress_robots_primary_cat":"","_seopress_titles_title":"","_seopress_titles_desc":"","_seopress_robots_index":"","footnotes":""},"categories":[1],"tags":[],"class_list":["post-2378","post","type-post","status-publish","format-standard","has-post-thumbnail","hentry","category-sin-categoria"],"_links":{"self":[{"href":"https:\/\/girasolmultimedios.com\/portal\/wp-json\/wp\/v2\/posts\/2378","targetHints":{"allow":["GET"]}}],"collection":[{"href":"https:\/\/girasolmultimedios.com\/portal\/wp-json\/wp\/v2\/posts"}],"about":[{"href":"https:\/\/girasolmultimedios.com\/portal\/wp-json\/wp\/v2\/types\/post"}],"author":[{"embeddable":true,"href":"https:\/\/girasolmultimedios.com\/portal\/wp-json\/wp\/v2\/users\/2"}],"replies":[{"embeddable":true,"href":"https:\/\/girasolmultimedios.com\/portal\/wp-json\/wp\/v2\/comments?post=2378"}],"version-history":[{"count":1,"href":"https:\/\/girasolmultimedios.com\/portal\/wp-json\/wp\/v2\/posts\/2378\/revisions"}],"predecessor-version":[{"id":2380,"href":"https:\/\/girasolmultimedios.com\/portal\/wp-json\/wp\/v2\/posts\/2378\/revisions\/2380"}],"wp:featuredmedia":[{"embeddable":true,"href":"https:\/\/girasolmultimedios.com\/portal\/wp-json\/wp\/v2\/media\/2379"}],"wp:attachment":[{"href":"https:\/\/girasolmultimedios.com\/portal\/wp-json\/wp\/v2\/media?parent=2378"}],"wp:term":[{"taxonomy":"category","embeddable":true,"href":"https:\/\/girasolmultimedios.com\/portal\/wp-json\/wp\/v2\/categories?post=2378"},{"taxonomy":"post_tag","embeddable":true,"href":"https:\/\/girasolmultimedios.com\/portal\/wp-json\/wp\/v2\/tags?post=2378"}],"curies":[{"name":"wp","href":"https:\/\/api.w.org\/{rel}","templated":true}]}}