{"id":2409,"date":"2025-11-27T10:32:04","date_gmt":"2025-11-27T16:32:04","guid":{"rendered":"https:\/\/girasolmultimedios.com\/portal\/?p=2409"},"modified":"2025-11-27T10:32:04","modified_gmt":"2025-11-27T16:32:04","slug":"mas-de-la-mitad-de-casos-de-vih-son-diagnosticados-demasiado-tarde-advierte-la-oms","status":"publish","type":"post","link":"https:\/\/girasolmultimedios.com\/portal\/mas-de-la-mitad-de-casos-de-vih-son-diagnosticados-demasiado-tarde-advierte-la-oms\/","title":{"rendered":"M\u00e1s de la mitad de casos de VIH son diagnosticados demasiado tarde, advierte la OMS"},"content":{"rendered":"\n<p>El 54 % de los diagn\u00f3sticos del virus de la inmunodeficiencia humana (VIH) en la regi\u00f3n europea son demasiado tard\u00edos para lograr un tratamiento \u00f3ptimo, advirti\u00f3 este jueves la Organizaci\u00f3n Mundial de la Salud (OMS).<\/p>\n\n\n\n<p>El n\u00famero insuficiente de test, combinado con un aumento de los casos no diagnosticados, compromete de forma \u00abgrave\u00bb el objetivo de acabar para 2030 con el Sida como una amenaza para la salud p\u00fablica, se\u00f1alan en su informe anual conjunto OMS-Europa y el Centro Europeo para la Prevenci\u00f3n y el Control de Enfermedades (ECDC).<\/p>\n\n\n\n<p>La proporci\u00f3n de diagn\u00f3sticos tard\u00edos de VIH en la regi\u00f3n europea -que incluye tambi\u00e9n a pa\u00edses de Europa del Este, Rusia y varias rep\u00fablicas exsovi\u00e9ticas- es mayor en personas infectadas por transmisi\u00f3n heterosexual y quienes se inyectan drogas.<\/p>\n\n\n\n<p>Casi uno de cada tres diagn\u00f3sticos de VIH el a\u00f1o pasado corresponden a personas de origen extranjero, proporci\u00f3n que sube a la mitad en los pa\u00edses de la Uni\u00f3n Europea (UE) y el Espacio Econ\u00f3mico Europeo (EEE).<\/p>\n\n\n\n<p>La OMS y el ECDC resaltan que esos datos ponen de manifiesto la necesidad de servicios de test y prevenci\u00f3n \u00abpersonalizados, accesibles y competentes culturalmente\u00bb.<\/p>\n\n\n\n<p>El n\u00famero de nuevos casos diagnosticados en la regi\u00f3n europea en 2024 ascendi\u00f3 a 105.922, una cifra ligeramente menor a la del a\u00f1o anterior, aunque los datos sugieren que se mantiene la brecha de test y diagn\u00f3sticos.<\/p>\n\n\n\n<p>En la UE\/EEE, hubo un 48 % de diagn\u00f3sticos tard\u00edos de VIH y el sexo entre hombres es la causa m\u00e1s com\u00fan de transmisi\u00f3n (casi la mitad), aunque aumenta la proporci\u00f3n de contagio heterosexual.<\/p>\n\n\n\n<p>El director de OMS-Europa, Hans Kluge, se\u00f1al\u00f3 en un comunicado que el n\u00famero de test en la regi\u00f3n ha aumentado desde 2020, pero tambi\u00e9n lo ha hecho el de personas sin diagnosticar, \u00abuna crisis silenciosa que est\u00e1 alimentando el contagio\u00bb.<\/p>\n\n\n\n<p>\u00abNo estamos haciendo lo suficiente para eliminar las barreras mortales del estigma y la discriminaci\u00f3n que previene que la gente solicite un test. Un diagn\u00f3stico temprano no es un privilegio, sino una puerta a una vida larga y saludable y la clave para detener el VIH\u00bb, afirm\u00f3 Kluge.&nbsp;<\/p>\n","protected":false},"excerpt":{"rendered":"<p>El 54 % de los diagn\u00f3sticos del virus de la inmunodeficiencia humana (VIH) en la regi\u00f3n europea son demasiado tard\u00edos para lograr un tratamiento \u00f3ptimo, advirti\u00f3 este jueves la Organizaci\u00f3n Mundial de la Salud (OMS). El n\u00famero insuficiente de test, combinado con un aumento de los casos no diagnosticados, compromete de forma \u00abgrave\u00bb el objetivo [&hellip;]<\/p>\n","protected":false},"author":2,"featured_media":2410,"comment_status":"closed","ping_status":"open","sticky":false,"template":"","format":"standard","meta":{"_seopress_robots_primary_cat":"","_seopress_titles_title":"","_seopress_titles_desc":"","_seopress_robots_index":"","footnotes":""},"categories":[1],"tags":[],"class_list":["post-2409","post","type-post","status-publish","format-standard","has-post-thumbnail","hentry","category-sin-categoria"],"_links":{"self":[{"href":"https:\/\/girasolmultimedios.com\/portal\/wp-json\/wp\/v2\/posts\/2409","targetHints":{"allow":["GET"]}}],"collection":[{"href":"https:\/\/girasolmultimedios.com\/portal\/wp-json\/wp\/v2\/posts"}],"about":[{"href":"https:\/\/girasolmultimedios.com\/portal\/wp-json\/wp\/v2\/types\/post"}],"author":[{"embeddable":true,"href":"https:\/\/girasolmultimedios.com\/portal\/wp-json\/wp\/v2\/users\/2"}],"replies":[{"embeddable":true,"href":"https:\/\/girasolmultimedios.com\/portal\/wp-json\/wp\/v2\/comments?post=2409"}],"version-history":[{"count":1,"href":"https:\/\/girasolmultimedios.com\/portal\/wp-json\/wp\/v2\/posts\/2409\/revisions"}],"predecessor-version":[{"id":2411,"href":"https:\/\/girasolmultimedios.com\/portal\/wp-json\/wp\/v2\/posts\/2409\/revisions\/2411"}],"wp:featuredmedia":[{"embeddable":true,"href":"https:\/\/girasolmultimedios.com\/portal\/wp-json\/wp\/v2\/media\/2410"}],"wp:attachment":[{"href":"https:\/\/girasolmultimedios.com\/portal\/wp-json\/wp\/v2\/media?parent=2409"}],"wp:term":[{"taxonomy":"category","embeddable":true,"href":"https:\/\/girasolmultimedios.com\/portal\/wp-json\/wp\/v2\/categories?post=2409"},{"taxonomy":"post_tag","embeddable":true,"href":"https:\/\/girasolmultimedios.com\/portal\/wp-json\/wp\/v2\/tags?post=2409"}],"curies":[{"name":"wp","href":"https:\/\/api.w.org\/{rel}","templated":true}]}}