{"id":2412,"date":"2025-11-27T10:35:04","date_gmt":"2025-11-27T16:35:04","guid":{"rendered":"https:\/\/girasolmultimedios.com\/portal\/?p=2412"},"modified":"2025-11-27T10:35:05","modified_gmt":"2025-11-27T16:35:05","slug":"a-todo-vapor-la-distribucion-del-material-electoral","status":"publish","type":"post","link":"https:\/\/girasolmultimedios.com\/portal\/a-todo-vapor-la-distribucion-del-material-electoral\/","title":{"rendered":"A todo vapor la distribuci\u00f3n del material electoral"},"content":{"rendered":"\n<p>El Centro Log\u00edstico Electoral (CLE) del Consejo Nacional Electoral (CNE) inform\u00f3 que se enviaron las maletas electorales a los departamentos de Islas de la Bah\u00eda, El Para\u00edso, La Paz y Comayagua, como parte del cronograma de distribuci\u00f3n previo a las Elecciones Generales del 30 de noviembre del 2025.<\/p>\n\n\n\n<p>Para Islas de la Bah\u00eda se despacharon 155 maletas electorales y cuatro de contingencia, adem\u00e1s de 47 kits tecnol\u00f3gicos con igual n\u00famero de respaldo.<\/p>\n\n\n\n<p>El Para\u00edso, el env\u00edo comprendi\u00f3 1,098 maletas electorales y 23 de contingencia, junto con 431 kits tecnol\u00f3gicos. En Comayagua se trasladaron 1,141 maletas y 25 de contingencia, adem\u00e1s de 470 kits tecnol\u00f3gicos. Finalmente, La Paz recibi\u00f3 491 maletas electorales y 19 de contingencia, acompa\u00f1adas de 226 kits tecnol\u00f3gicos.<\/p>\n\n\n\n<p>El CNE destac\u00f3 que con el env\u00edo a estos departamentos se cumple la pen\u00faltima etapa del plan de distribuci\u00f3n, quedando pendiente \u00fanicamente Francisco Moraz\u00e1n, que incluye el Distrito Central y 27 municipios adicionales.<\/p>\n\n\n\n<p>Para esta zona se prev\u00e9 el traslado de 3,402 maletas electorales y 32 de contingencia, adem\u00e1s de 1,188 kits tecnol\u00f3gicos, proceso que se desarrollar\u00e1 entre hoy jueves y ma\u00f1ana viernes.<\/p>\n","protected":false},"excerpt":{"rendered":"<p>El Centro Log\u00edstico Electoral (CLE) del Consejo Nacional Electoral (CNE) inform\u00f3 que se enviaron las maletas electorales a los departamentos de Islas de la Bah\u00eda, El Para\u00edso, La Paz y Comayagua, como parte del cronograma de distribuci\u00f3n previo a las Elecciones Generales del 30 de noviembre del 2025. Para Islas de la Bah\u00eda se despacharon [&hellip;]<\/p>\n","protected":false},"author":2,"featured_media":2413,"comment_status":"closed","ping_status":"open","sticky":false,"template":"","format":"standard","meta":{"_seopress_robots_primary_cat":"","_seopress_titles_title":"","_seopress_titles_desc":"","_seopress_robots_index":"","footnotes":""},"categories":[1],"tags":[],"class_list":["post-2412","post","type-post","status-publish","format-standard","has-post-thumbnail","hentry","category-sin-categoria"],"_links":{"self":[{"href":"https:\/\/girasolmultimedios.com\/portal\/wp-json\/wp\/v2\/posts\/2412","targetHints":{"allow":["GET"]}}],"collection":[{"href":"https:\/\/girasolmultimedios.com\/portal\/wp-json\/wp\/v2\/posts"}],"about":[{"href":"https:\/\/girasolmultimedios.com\/portal\/wp-json\/wp\/v2\/types\/post"}],"author":[{"embeddable":true,"href":"https:\/\/girasolmultimedios.com\/portal\/wp-json\/wp\/v2\/users\/2"}],"replies":[{"embeddable":true,"href":"https:\/\/girasolmultimedios.com\/portal\/wp-json\/wp\/v2\/comments?post=2412"}],"version-history":[{"count":1,"href":"https:\/\/girasolmultimedios.com\/portal\/wp-json\/wp\/v2\/posts\/2412\/revisions"}],"predecessor-version":[{"id":2414,"href":"https:\/\/girasolmultimedios.com\/portal\/wp-json\/wp\/v2\/posts\/2412\/revisions\/2414"}],"wp:featuredmedia":[{"embeddable":true,"href":"https:\/\/girasolmultimedios.com\/portal\/wp-json\/wp\/v2\/media\/2413"}],"wp:attachment":[{"href":"https:\/\/girasolmultimedios.com\/portal\/wp-json\/wp\/v2\/media?parent=2412"}],"wp:term":[{"taxonomy":"category","embeddable":true,"href":"https:\/\/girasolmultimedios.com\/portal\/wp-json\/wp\/v2\/categories?post=2412"},{"taxonomy":"post_tag","embeddable":true,"href":"https:\/\/girasolmultimedios.com\/portal\/wp-json\/wp\/v2\/tags?post=2412"}],"curies":[{"name":"wp","href":"https:\/\/api.w.org\/{rel}","templated":true}]}}