{"id":2415,"date":"2025-11-27T10:37:43","date_gmt":"2025-11-27T16:37:43","guid":{"rendered":"https:\/\/girasolmultimedios.com\/portal\/?p=2415"},"modified":"2025-11-27T10:37:44","modified_gmt":"2025-11-27T16:37:44","slug":"santiago-herrera-fondos-de-la-cuenta-del-milenio-tardarian-un-ano-en-llegar","status":"publish","type":"post","link":"https:\/\/girasolmultimedios.com\/portal\/santiago-herrera-fondos-de-la-cuenta-del-milenio-tardarian-un-ano-en-llegar\/","title":{"rendered":"Santiago Herrera: Fondos de la Cuenta del Milenio tardar\u00edan un a\u00f1o en llegar"},"content":{"rendered":"\n<p>El gerente de Pol\u00edtica Econ\u00f3mica del\u00a0Consejo Hondure\u00f1o de la Empresa Privada (Cohep), Santiago Herrera, advirti\u00f3 que, aunque en diciembre la junta de la Cuenta del Desaf\u00edo del Milenio (MCC) declare a Honduras elegible para un compacto o un Programa Umbral, el pa\u00eds tardar\u00eda por lo menos un a\u00f1o en recibir los primeros recursos.<\/p>\n\n\n\n<p>Herrera explic\u00f3 que el 3 de diciembre la junta directiva de la MCC evaluar\u00e1 a los pa\u00edses elegibles para decidir qui\u00e9nes acceder\u00e1n a los programas.<\/p>\n\n\n\n<p>Afirm\u00f3 que todav\u00eda no hay certeza sobre la decisi\u00f3n final y recalc\u00f3 que, incluso si Honduras obtiene un compacto, los desembolsos no ser\u00edan inmediatos.<\/p>\n\n\n\n<p>\u201cPuede pasar hasta un a\u00f1o antes de que veamos un d\u00f3lar\u201d, sostuvo.<\/p>\n\n\n\n<p>Se\u00f1al\u00f3 que ser declarado elegible no garantiza financiamiento inmediato y record\u00f3 que 50 pa\u00edses fueron clasificados como elegibles, de los cuales solo algunos tendr\u00e1n acceso a un compacto o a un programa umbral.<\/p>\n\n\n\n<p>Herrera detall\u00f3 que en el primer compacto, Honduras recibi\u00f3 250 millones de d\u00f3lares para proyectos de desarrollo rural e infraestructura, mientras que el Programa Umbral otorg\u00f3 13 millones para fortalecer la capacidad t\u00e9cnica en contrataciones y tesorer\u00eda p\u00fablica.<\/p>\n\n\n\n<p>Agreg\u00f3 que la ejecuci\u00f3n de un compacto toma en promedio cinco a\u00f1os, debido a que los fondos no ingresan como liquidez inmediata, sino que se destinan a proyectos de largo plazo.<br><\/p>\n","protected":false},"excerpt":{"rendered":"<p>El gerente de Pol\u00edtica Econ\u00f3mica del\u00a0Consejo Hondure\u00f1o de la Empresa Privada (Cohep), Santiago Herrera, advirti\u00f3 que, aunque en diciembre la junta de la Cuenta del Desaf\u00edo del Milenio (MCC) declare a Honduras elegible para un compacto o un Programa Umbral, el pa\u00eds tardar\u00eda por lo menos un a\u00f1o en recibir los primeros recursos. Herrera explic\u00f3 [&hellip;]<\/p>\n","protected":false},"author":2,"featured_media":2416,"comment_status":"closed","ping_status":"open","sticky":false,"template":"","format":"standard","meta":{"_seopress_robots_primary_cat":"","_seopress_titles_title":"","_seopress_titles_desc":"","_seopress_robots_index":"","footnotes":""},"categories":[1],"tags":[],"class_list":["post-2415","post","type-post","status-publish","format-standard","has-post-thumbnail","hentry","category-sin-categoria"],"_links":{"self":[{"href":"https:\/\/girasolmultimedios.com\/portal\/wp-json\/wp\/v2\/posts\/2415","targetHints":{"allow":["GET"]}}],"collection":[{"href":"https:\/\/girasolmultimedios.com\/portal\/wp-json\/wp\/v2\/posts"}],"about":[{"href":"https:\/\/girasolmultimedios.com\/portal\/wp-json\/wp\/v2\/types\/post"}],"author":[{"embeddable":true,"href":"https:\/\/girasolmultimedios.com\/portal\/wp-json\/wp\/v2\/users\/2"}],"replies":[{"embeddable":true,"href":"https:\/\/girasolmultimedios.com\/portal\/wp-json\/wp\/v2\/comments?post=2415"}],"version-history":[{"count":1,"href":"https:\/\/girasolmultimedios.com\/portal\/wp-json\/wp\/v2\/posts\/2415\/revisions"}],"predecessor-version":[{"id":2417,"href":"https:\/\/girasolmultimedios.com\/portal\/wp-json\/wp\/v2\/posts\/2415\/revisions\/2417"}],"wp:featuredmedia":[{"embeddable":true,"href":"https:\/\/girasolmultimedios.com\/portal\/wp-json\/wp\/v2\/media\/2416"}],"wp:attachment":[{"href":"https:\/\/girasolmultimedios.com\/portal\/wp-json\/wp\/v2\/media?parent=2415"}],"wp:term":[{"taxonomy":"category","embeddable":true,"href":"https:\/\/girasolmultimedios.com\/portal\/wp-json\/wp\/v2\/categories?post=2415"},{"taxonomy":"post_tag","embeddable":true,"href":"https:\/\/girasolmultimedios.com\/portal\/wp-json\/wp\/v2\/tags?post=2415"}],"curies":[{"name":"wp","href":"https:\/\/api.w.org\/{rel}","templated":true}]}}